{"id":3072,"date":"2021-10-18T18:47:06","date_gmt":"2021-10-18T17:47:06","guid":{"rendered":"http:\/\/www.taekwondo-ates.de\/?p=3072"},"modified":"2021-10-18T18:47:06","modified_gmt":"2021-10-18T17:47:06","slug":"taekwondo-gurtelprufung-in-gengenbach-07-10-2021","status":"publish","type":"post","link":"https:\/\/www.taekwondo-ates.de\/?p=3072","title":{"rendered":"Taekwondo G\u00fcrtelpr\u00fcfung in Gengenbach 07.10.2021"},"content":{"rendered":"<p>Die Sch\u00fcler von Taekwondo Ates Gengenbach e.V. bestanden erfolgreich die G\u00fcrtelpr\u00fcfung.<br \/>\n2 Kinder Niclas und Luca Nitsche absolvierten souver\u00e4n ihre erste G\u00fcrtelpr\u00fcfung.<br \/>\nAlle Sch\u00fcler konnten sich \u00fcber gute Leistungen und bestandene G\u00fcrtelpr\u00fcfungen freuen.<\/p>\n<p><a href=\"http:\/\/www.taekwondo-ates.de\/wp-content\/uploads\/2021\/10\/IMG_6846.jpg\"><img data-attachment-id=\"3073\" data-permalink=\"https:\/\/www.taekwondo-ates.de\/?attachment_id=3073\" data-orig-file=\"https:\/\/www.taekwondo-ates.de\/wp-content\/uploads\/2021\/10\/IMG_6846.jpg\" data-orig-size=\"1600,1065\" data-comments-opened=\"0\" data-image-meta=\"{&quot;aperture&quot;:&quot;0&quot;,&quot;credit&quot;:&quot;&quot;,&quot;camera&quot;:&quot;&quot;,&quot;caption&quot;:&quot;&quot;,&quot;created_timestamp&quot;:&quot;0&quot;,&quot;copyright&quot;:&quot;&quot;,&quot;focal_length&quot;:&quot;0&quot;,&quot;iso&quot;:&quot;0&quot;,&quot;shutter_speed&quot;:&quot;0&quot;,&quot;title&quot;:&quot;&quot;}\" data-image-title=\"IMG_6846\" data-image-description=\"\" data-image-caption=\"\" data-medium-file=\"https:\/\/www.taekwondo-ates.de\/wp-content\/uploads\/2021\/10\/IMG_6846-300x199.jpg\" data-large-file=\"https:\/\/www.taekwondo-ates.de\/wp-content\/uploads\/2021\/10\/IMG_6846-1024x681.jpg\" decoding=\"async\" loading=\"lazy\" class=\"alignleft size-medium wp-image-3073\" alt=\"IMG_6846\" src=\"http:\/\/www.taekwondo-ates.de\/wp-content\/uploads\/2021\/10\/IMG_6846-300x199.jpg\" width=\"300\" height=\"199\" srcset=\"https:\/\/www.taekwondo-ates.de\/wp-content\/uploads\/2021\/10\/IMG_6846-300x199.jpg 300w, https:\/\/www.taekwondo-ates.de\/wp-content\/uploads\/2021\/10\/IMG_6846-1024x681.jpg 1024w, https:\/\/www.taekwondo-ates.de\/wp-content\/uploads\/2021\/10\/IMG_6846-450x300.jpg 450w, https:\/\/www.taekwondo-ates.de\/wp-content\/uploads\/2021\/10\/IMG_6846.jpg 1600w\" sizes=\"(max-width: 300px) 100vw, 300px\" \/><\/a><\/p>\n<p><b><span style=\"text-decoration: underline;\">Bild vorne von links:<br \/>\n<\/span><\/b>Mats Friedmann, Carlo Kn\u00e4ble, Jonas Isenmann, Niclas Nitsche, Leonie Sepp<\/p>\n<p><b><span style=\"text-decoration: underline;\">Hinten von links:<br \/>\n<\/span><\/b>Dean-Collin Lienhard, Luca Nitsche, Emilia Rogalla, Liam B\u00fcrkle, Joel Waslikowski, Anton Steurer, Mark Beraz<\/p>\n\n\t\t<style type=\"text\/css\">\n\t\t\t#gallery-1 {\n\t\t\t\tmargin: auto;\n\t\t\t}\n\t\t\t#gallery-1 .gallery-item {\n\t\t\t\tfloat: left;\n\t\t\t\tmargin-top: 10px;\n\t\t\t\ttext-align: center;\n\t\t\t\twidth: 33%;\n\t\t\t}\n\t\t\t#gallery-1 img {\n\t\t\t\tborder: 2px solid #cfcfcf;\n\t\t\t}\n\t\t\t#gallery-1 .gallery-caption {\n\t\t\t\tmargin-left: 0;\n\t\t\t}\n\t\t\t\/* see gallery_shortcode() in wp-includes\/media.php *\/\n\t\t<\/style>\n\t\t<div data-carousel-extra='{\"blog_id\":1,\"permalink\":\"https:\\\/\\\/www.taekwondo-ates.de\\\/?p=3072\"}' id='gallery-1' class='gallery galleryid-3072 gallery-columns-3 gallery-size-thumbnail'><dl class='gallery-item'>\n\t\t\t<dt class='gallery-icon landscape'>\n\t\t\t\t<a href='https:\/\/www.taekwondo-ates.de\/?attachment_id=3073'><img width=\"150\" height=\"150\" src=\"https:\/\/www.taekwondo-ates.de\/wp-content\/uploads\/2021\/10\/IMG_6846-150x150.jpg\" class=\"attachment-thumbnail size-thumbnail\" alt=\"\" decoding=\"async\" loading=\"lazy\" data-attachment-id=\"3073\" data-permalink=\"https:\/\/www.taekwondo-ates.de\/?attachment_id=3073\" data-orig-file=\"https:\/\/www.taekwondo-ates.de\/wp-content\/uploads\/2021\/10\/IMG_6846.jpg\" data-orig-size=\"1600,1065\" data-comments-opened=\"0\" data-image-meta=\"{&quot;aperture&quot;:&quot;0&quot;,&quot;credit&quot;:&quot;&quot;,&quot;camera&quot;:&quot;&quot;,&quot;caption&quot;:&quot;&quot;,&quot;created_timestamp&quot;:&quot;0&quot;,&quot;copyright&quot;:&quot;&quot;,&quot;focal_length&quot;:&quot;0&quot;,&quot;iso&quot;:&quot;0&quot;,&quot;shutter_speed&quot;:&quot;0&quot;,&quot;title&quot;:&quot;&quot;}\" data-image-title=\"IMG_6846\" data-image-description=\"\" data-image-caption=\"\" data-medium-file=\"https:\/\/www.taekwondo-ates.de\/wp-content\/uploads\/2021\/10\/IMG_6846-300x199.jpg\" data-large-file=\"https:\/\/www.taekwondo-ates.de\/wp-content\/uploads\/2021\/10\/IMG_6846-1024x681.jpg\" \/><\/a>\n\t\t\t<\/dt><\/dl><dl class='gallery-item'>\n\t\t\t<dt class='gallery-icon landscape'>\n\t\t\t\t<a href='https:\/\/www.taekwondo-ates.de\/?attachment_id=3076'><img width=\"150\" height=\"150\" src=\"https:\/\/www.taekwondo-ates.de\/wp-content\/uploads\/2021\/10\/IMG_6847-150x150.jpg\" class=\"attachment-thumbnail size-thumbnail\" alt=\"\" decoding=\"async\" loading=\"lazy\" data-attachment-id=\"3076\" data-permalink=\"https:\/\/www.taekwondo-ates.de\/?attachment_id=3076\" data-orig-file=\"https:\/\/www.taekwondo-ates.de\/wp-content\/uploads\/2021\/10\/IMG_6847.jpg\" data-orig-size=\"1600,1065\" data-comments-opened=\"0\" data-image-meta=\"{&quot;aperture&quot;:&quot;0&quot;,&quot;credit&quot;:&quot;&quot;,&quot;camera&quot;:&quot;&quot;,&quot;caption&quot;:&quot;&quot;,&quot;created_timestamp&quot;:&quot;0&quot;,&quot;copyright&quot;:&quot;&quot;,&quot;focal_length&quot;:&quot;0&quot;,&quot;iso&quot;:&quot;0&quot;,&quot;shutter_speed&quot;:&quot;0&quot;,&quot;title&quot;:&quot;&quot;}\" data-image-title=\"IMG_6847\" data-image-description=\"\" data-image-caption=\"\" data-medium-file=\"https:\/\/www.taekwondo-ates.de\/wp-content\/uploads\/2021\/10\/IMG_6847-300x199.jpg\" data-large-file=\"https:\/\/www.taekwondo-ates.de\/wp-content\/uploads\/2021\/10\/IMG_6847-1024x681.jpg\" \/><\/a>\n\t\t\t<\/dt><\/dl><dl class='gallery-item'>\n\t\t\t<dt class='gallery-icon landscape'>\n\t\t\t\t<a href='https:\/\/www.taekwondo-ates.de\/?attachment_id=3077'><img width=\"150\" height=\"150\" src=\"https:\/\/www.taekwondo-ates.de\/wp-content\/uploads\/2021\/10\/IMG_6848-150x150.jpg\" class=\"attachment-thumbnail size-thumbnail\" alt=\"\" decoding=\"async\" loading=\"lazy\" data-attachment-id=\"3077\" data-permalink=\"https:\/\/www.taekwondo-ates.de\/?attachment_id=3077\" data-orig-file=\"https:\/\/www.taekwondo-ates.de\/wp-content\/uploads\/2021\/10\/IMG_6848.jpg\" data-orig-size=\"1120,746\" data-comments-opened=\"0\" data-image-meta=\"{&quot;aperture&quot;:&quot;0&quot;,&quot;credit&quot;:&quot;&quot;,&quot;camera&quot;:&quot;&quot;,&quot;caption&quot;:&quot;&quot;,&quot;created_timestamp&quot;:&quot;0&quot;,&quot;copyright&quot;:&quot;&quot;,&quot;focal_length&quot;:&quot;0&quot;,&quot;iso&quot;:&quot;0&quot;,&quot;shutter_speed&quot;:&quot;0&quot;,&quot;title&quot;:&quot;&quot;}\" data-image-title=\"IMG_6848\" data-image-description=\"\" data-image-caption=\"\" data-medium-file=\"https:\/\/www.taekwondo-ates.de\/wp-content\/uploads\/2021\/10\/IMG_6848-300x199.jpg\" data-large-file=\"https:\/\/www.taekwondo-ates.de\/wp-content\/uploads\/2021\/10\/IMG_6848-1024x682.jpg\" \/><\/a>\n\t\t\t<\/dt><\/dl><br style=\"clear: both\" \/><dl class='gallery-item'>\n\t\t\t<dt class='gallery-icon landscape'>\n\t\t\t\t<a href='https:\/\/www.taekwondo-ates.de\/?attachment_id=3078'><img width=\"150\" height=\"150\" src=\"https:\/\/www.taekwondo-ates.de\/wp-content\/uploads\/2021\/10\/IMG_6850-150x150.jpg\" class=\"attachment-thumbnail size-thumbnail\" alt=\"\" decoding=\"async\" loading=\"lazy\" data-attachment-id=\"3078\" data-permalink=\"https:\/\/www.taekwondo-ates.de\/?attachment_id=3078\" data-orig-file=\"https:\/\/www.taekwondo-ates.de\/wp-content\/uploads\/2021\/10\/IMG_6850.jpg\" data-orig-size=\"645,448\" data-comments-opened=\"0\" data-image-meta=\"{&quot;aperture&quot;:&quot;0&quot;,&quot;credit&quot;:&quot;&quot;,&quot;camera&quot;:&quot;&quot;,&quot;caption&quot;:&quot;&quot;,&quot;created_timestamp&quot;:&quot;0&quot;,&quot;copyright&quot;:&quot;&quot;,&quot;focal_length&quot;:&quot;0&quot;,&quot;iso&quot;:&quot;0&quot;,&quot;shutter_speed&quot;:&quot;0&quot;,&quot;title&quot;:&quot;&quot;}\" data-image-title=\"IMG_6850\" data-image-description=\"\" data-image-caption=\"\" data-medium-file=\"https:\/\/www.taekwondo-ates.de\/wp-content\/uploads\/2021\/10\/IMG_6850-300x208.jpg\" data-large-file=\"https:\/\/www.taekwondo-ates.de\/wp-content\/uploads\/2021\/10\/IMG_6850.jpg\" \/><\/a>\n\t\t\t<\/dt><\/dl><dl class='gallery-item'>\n\t\t\t<dt class='gallery-icon landscape'>\n\t\t\t\t<a href='https:\/\/www.taekwondo-ates.de\/?attachment_id=3075'><img width=\"150\" height=\"150\" src=\"https:\/\/www.taekwondo-ates.de\/wp-content\/uploads\/2021\/10\/IMG_6871-150x150.jpg\" class=\"attachment-thumbnail size-thumbnail\" alt=\"\" decoding=\"async\" loading=\"lazy\" data-attachment-id=\"3075\" data-permalink=\"https:\/\/www.taekwondo-ates.de\/?attachment_id=3075\" data-orig-file=\"https:\/\/www.taekwondo-ates.de\/wp-content\/uploads\/2021\/10\/IMG_6871.jpg\" data-orig-size=\"2396,1755\" data-comments-opened=\"0\" data-image-meta=\"{&quot;aperture&quot;:&quot;0&quot;,&quot;credit&quot;:&quot;&quot;,&quot;camera&quot;:&quot;&quot;,&quot;caption&quot;:&quot;&quot;,&quot;created_timestamp&quot;:&quot;0&quot;,&quot;copyright&quot;:&quot;&quot;,&quot;focal_length&quot;:&quot;0&quot;,&quot;iso&quot;:&quot;0&quot;,&quot;shutter_speed&quot;:&quot;0&quot;,&quot;title&quot;:&quot;&quot;}\" data-image-title=\"IMG_6871\" data-image-description=\"\" data-image-caption=\"\" data-medium-file=\"https:\/\/www.taekwondo-ates.de\/wp-content\/uploads\/2021\/10\/IMG_6871-300x219.jpg\" data-large-file=\"https:\/\/www.taekwondo-ates.de\/wp-content\/uploads\/2021\/10\/IMG_6871-1024x750.jpg\" \/><\/a>\n\t\t\t<\/dt><\/dl><dl class='gallery-item'>\n\t\t\t<dt class='gallery-icon landscape'>\n\t\t\t\t<a href='https:\/\/www.taekwondo-ates.de\/?attachment_id=3079'><img width=\"150\" height=\"150\" src=\"https:\/\/www.taekwondo-ates.de\/wp-content\/uploads\/2021\/10\/IMG_6865-150x150.jpg\" class=\"attachment-thumbnail size-thumbnail\" alt=\"\" decoding=\"async\" loading=\"lazy\" data-attachment-id=\"3079\" data-permalink=\"https:\/\/www.taekwondo-ates.de\/?attachment_id=3079\" data-orig-file=\"https:\/\/www.taekwondo-ates.de\/wp-content\/uploads\/2021\/10\/IMG_6865.jpg\" data-orig-size=\"2823,2117\" data-comments-opened=\"0\" data-image-meta=\"{&quot;aperture&quot;:&quot;0&quot;,&quot;credit&quot;:&quot;&quot;,&quot;camera&quot;:&quot;&quot;,&quot;caption&quot;:&quot;&quot;,&quot;created_timestamp&quot;:&quot;0&quot;,&quot;copyright&quot;:&quot;&quot;,&quot;focal_length&quot;:&quot;0&quot;,&quot;iso&quot;:&quot;0&quot;,&quot;shutter_speed&quot;:&quot;0&quot;,&quot;title&quot;:&quot;&quot;}\" data-image-title=\"IMG_6865\" data-image-description=\"\" data-image-caption=\"\" data-medium-file=\"https:\/\/www.taekwondo-ates.de\/wp-content\/uploads\/2021\/10\/IMG_6865-300x224.jpg\" data-large-file=\"https:\/\/www.taekwondo-ates.de\/wp-content\/uploads\/2021\/10\/IMG_6865-1024x767.jpg\" \/><\/a>\n\t\t\t<\/dt><\/dl><br style=\"clear: both\" \/>\n\t\t<\/div>\n\n<p>&nbsp;<\/p>\n","protected":false},"excerpt":{"rendered":"<p>Die Sch\u00fcler von Taekwondo Ates Gengenbach e.V. bestanden erfolgreich die G\u00fcrtelpr\u00fcfung. 2 Kinder Niclas und Luca Nitsche absolvierten souver\u00e4n ihre erste G\u00fcrtelpr\u00fcfung. Alle Sch\u00fcler konnten sich \u00fcber gute Leistungen und bestandene G\u00fcrtelpr\u00fcfungen freuen. Bild vorne von links: Mats Friedmann, Carlo &hellip; <a href=\"https:\/\/www.taekwondo-ates.de\/?p=3072\">Weiterlesen <span class=\"meta-nav\">&rarr;<\/span><\/a><\/p>\n","protected":false},"author":1,"featured_media":0,"comment_status":"closed","ping_status":"closed","sticky":false,"template":"","format":"standard","meta":{"ngg_post_thumbnail":0,"jetpack_post_was_ever_published":false},"categories":[1,4],"tags":[],"jetpack_featured_media_url":"","jetpack_shortlink":"https:\/\/wp.me\/p214aU-Ny","jetpack_sharing_enabled":true,"_links":{"self":[{"href":"https:\/\/www.taekwondo-ates.de\/index.php?rest_route=\/wp\/v2\/posts\/3072"}],"collection":[{"href":"https:\/\/www.taekwondo-ates.de\/index.php?rest_route=\/wp\/v2\/posts"}],"about":[{"href":"https:\/\/www.taekwondo-ates.de\/index.php?rest_route=\/wp\/v2\/types\/post"}],"author":[{"embeddable":true,"href":"https:\/\/www.taekwondo-ates.de\/index.php?rest_route=\/wp\/v2\/users\/1"}],"replies":[{"embeddable":true,"href":"https:\/\/www.taekwondo-ates.de\/index.php?rest_route=%2Fwp%2Fv2%2Fcomments&post=3072"}],"version-history":[{"count":3,"href":"https:\/\/www.taekwondo-ates.de\/index.php?rest_route=\/wp\/v2\/posts\/3072\/revisions"}],"predecessor-version":[{"id":3081,"href":"https:\/\/www.taekwondo-ates.de\/index.php?rest_route=\/wp\/v2\/posts\/3072\/revisions\/3081"}],"wp:attachment":[{"href":"https:\/\/www.taekwondo-ates.de\/index.php?rest_route=%2Fwp%2Fv2%2Fmedia&parent=3072"}],"wp:term":[{"taxonomy":"category","embeddable":true,"href":"https:\/\/www.taekwondo-ates.de\/index.php?rest_route=%2Fwp%2Fv2%2Fcategories&post=3072"},{"taxonomy":"post_tag","embeddable":true,"href":"https:\/\/www.taekwondo-ates.de\/index.php?rest_route=%2Fwp%2Fv2%2Ftags&post=3072"}],"curies":[{"name":"wp","href":"https:\/\/api.w.org\/{rel}","templated":true}]}}