{"id":3035,"date":"2021-07-23T07:55:01","date_gmt":"2021-07-23T06:55:01","guid":{"rendered":"http:\/\/www.taekwondo-ates.de\/?p=3035"},"modified":"2021-07-23T07:55:01","modified_gmt":"2021-07-23T06:55:01","slug":"weitere-schwarzgurt-trager-beim-taekwondo-ates-e-v","status":"publish","type":"post","link":"https:\/\/www.taekwondo-ates.de\/?p=3035","title":{"rendered":"Weitere Schwarzgurt-Tr\u00e4ger beim Taekwondo Ates e.V."},"content":{"rendered":"<p>Von Taekwondo Ates konnten alle Teilnehmer die drei Pr\u00fcfer von Ihren Leistungen bei der Schwarzgurt-Pr\u00fcfung in Korntal-M\u00fcnchingen \u00fcberzeugen und bestanden\u00a0erfolgreich die Schwarzgurt-Pr\u00fcfung. Timm Meier nicht im Bild bestand die Pr\u00fcfung zum 2. DAN, Heiko Sch\u00f6pf 3. DAN.<\/p>\n<p>Nicht im Bild: Beatrice H\u00fcbner 1. DAN, Maxim Hogenm\u00fcller 1. DAN, Julia Stumpf 1. DAN<\/p>\n<p>&nbsp;<\/p>\n<p><img data-attachment-id=\"3036\" data-permalink=\"https:\/\/www.taekwondo-ates.de\/?attachment_id=3036\" data-orig-file=\"https:\/\/www.taekwondo-ates.de\/wp-content\/uploads\/2021\/07\/IMG_5960.jpg\" data-orig-size=\"2823,2117\" data-comments-opened=\"0\" data-image-meta=\"{&quot;aperture&quot;:&quot;0&quot;,&quot;credit&quot;:&quot;&quot;,&quot;camera&quot;:&quot;&quot;,&quot;caption&quot;:&quot;&quot;,&quot;created_timestamp&quot;:&quot;0&quot;,&quot;copyright&quot;:&quot;&quot;,&quot;focal_length&quot;:&quot;0&quot;,&quot;iso&quot;:&quot;0&quot;,&quot;shutter_speed&quot;:&quot;0&quot;,&quot;title&quot;:&quot;&quot;}\" data-image-title=\"IMG_5960\" data-image-description=\"\" data-image-caption=\"\" data-medium-file=\"https:\/\/www.taekwondo-ates.de\/wp-content\/uploads\/2021\/07\/IMG_5960-300x224.jpg\" data-large-file=\"https:\/\/www.taekwondo-ates.de\/wp-content\/uploads\/2021\/07\/IMG_5960-1024x767.jpg\" decoding=\"async\" loading=\"lazy\" class=\"alignleft size-medium wp-image-3036\" alt=\"IMG_5960\" src=\"http:\/\/www.taekwondo-ates.de\/wp-content\/uploads\/2021\/07\/IMG_5960-300x224.jpg\" width=\"300\" height=\"224\" srcset=\"https:\/\/www.taekwondo-ates.de\/wp-content\/uploads\/2021\/07\/IMG_5960-300x224.jpg 300w, https:\/\/www.taekwondo-ates.de\/wp-content\/uploads\/2021\/07\/IMG_5960-1024x767.jpg 1024w, https:\/\/www.taekwondo-ates.de\/wp-content\/uploads\/2021\/07\/IMG_5960-400x300.jpg 400w\" sizes=\"(max-width: 300px) 100vw, 300px\" \/><span style=\"text-decoration-line: underline;\">Bild vorne von links:<\/span><\/p>\n<p>Maximilian Moog 1.DAN, Lilly Moser 1. DAN, Georg Stumpf 1. DAN, Janna Wolf 1. DAN<\/p>\n<p>&nbsp;<\/p>\n<p><span style=\"text-decoration: underline;\">Hinten von links:<\/span><\/p>\n<p>Heiko Sch\u00f6pf 3. DAN, Selinnay Meral 1. DAN<\/p>\n","protected":false},"excerpt":{"rendered":"<p>Von Taekwondo Ates konnten alle Teilnehmer die drei Pr\u00fcfer von Ihren Leistungen bei der Schwarzgurt-Pr\u00fcfung in Korntal-M\u00fcnchingen \u00fcberzeugen und bestanden\u00a0erfolgreich die Schwarzgurt-Pr\u00fcfung. Timm Meier nicht im Bild bestand die Pr\u00fcfung zum 2. DAN, Heiko Sch\u00f6pf 3. DAN. Nicht im Bild: &hellip; <a href=\"https:\/\/www.taekwondo-ates.de\/?p=3035\">Weiterlesen <span class=\"meta-nav\">&rarr;<\/span><\/a><\/p>\n","protected":false},"author":1,"featured_media":0,"comment_status":"closed","ping_status":"closed","sticky":false,"template":"","format":"standard","meta":{"ngg_post_thumbnail":0,"jetpack_post_was_ever_published":false},"categories":[1,4],"tags":[],"jetpack_featured_media_url":"","jetpack_shortlink":"https:\/\/wp.me\/p214aU-MX","jetpack_sharing_enabled":true,"_links":{"self":[{"href":"https:\/\/www.taekwondo-ates.de\/index.php?rest_route=\/wp\/v2\/posts\/3035"}],"collection":[{"href":"https:\/\/www.taekwondo-ates.de\/index.php?rest_route=\/wp\/v2\/posts"}],"about":[{"href":"https:\/\/www.taekwondo-ates.de\/index.php?rest_route=\/wp\/v2\/types\/post"}],"author":[{"embeddable":true,"href":"https:\/\/www.taekwondo-ates.de\/index.php?rest_route=\/wp\/v2\/users\/1"}],"replies":[{"embeddable":true,"href":"https:\/\/www.taekwondo-ates.de\/index.php?rest_route=%2Fwp%2Fv2%2Fcomments&post=3035"}],"version-history":[{"count":2,"href":"https:\/\/www.taekwondo-ates.de\/index.php?rest_route=\/wp\/v2\/posts\/3035\/revisions"}],"predecessor-version":[{"id":3038,"href":"https:\/\/www.taekwondo-ates.de\/index.php?rest_route=\/wp\/v2\/posts\/3035\/revisions\/3038"}],"wp:attachment":[{"href":"https:\/\/www.taekwondo-ates.de\/index.php?rest_route=%2Fwp%2Fv2%2Fmedia&parent=3035"}],"wp:term":[{"taxonomy":"category","embeddable":true,"href":"https:\/\/www.taekwondo-ates.de\/index.php?rest_route=%2Fwp%2Fv2%2Fcategories&post=3035"},{"taxonomy":"post_tag","embeddable":true,"href":"https:\/\/www.taekwondo-ates.de\/index.php?rest_route=%2Fwp%2Fv2%2Ftags&post=3035"}],"curies":[{"name":"wp","href":"https:\/\/api.w.org\/{rel}","templated":true}]}}