{"id":2931,"date":"2020-03-13T22:09:39","date_gmt":"2020-03-13T21:09:39","guid":{"rendered":"http:\/\/www.taekwondo-ates.de\/?p=2931"},"modified":"2020-03-13T22:14:18","modified_gmt":"2020-03-13T21:14:18","slug":"badische-meisterschaften-sonntag-08-03-2020-in-gengenbach","status":"publish","type":"post","link":"https:\/\/www.taekwondo-ates.de\/?p=2931","title":{"rendered":"Badische Meisterschaften Sonntag, 08.03.2020 in Gengenbach"},"content":{"rendered":"<p>Taekwondo Ates e.V. war Ausrichter der Badischen Meisterschaften 2020 in der Kinzigtal-Halle Gengenbach.<\/p>\n<p>Mit 30 Sch\u00fclern erreichte Taekwondo Ates 15 Badische Meister, 7 x Silber und 6 x Bronze-Medaillen und den\u00a04. Platz bei der Mannschaftswertung.<br \/>\nTrainer Aydin Ates war sehr zufrieden mit den Leistungen der Sch\u00fcler, besonders mit dem j\u00fcngsten Teilnehmer Michael Root (4 Jahre).<\/p>\n<p><a href=\"http:\/\/www.taekwondo-ates.de\/wp-content\/uploads\/2020\/03\/IMG_1949.jpg\"><img data-attachment-id=\"2932\" data-permalink=\"https:\/\/www.taekwondo-ates.de\/?attachment_id=2932\" data-orig-file=\"https:\/\/www.taekwondo-ates.de\/wp-content\/uploads\/2020\/03\/IMG_1949.jpg\" data-orig-size=\"1061,840\" data-comments-opened=\"0\" data-image-meta=\"{&quot;aperture&quot;:&quot;0&quot;,&quot;credit&quot;:&quot;&quot;,&quot;camera&quot;:&quot;&quot;,&quot;caption&quot;:&quot;&quot;,&quot;created_timestamp&quot;:&quot;0&quot;,&quot;copyright&quot;:&quot;&quot;,&quot;focal_length&quot;:&quot;0&quot;,&quot;iso&quot;:&quot;0&quot;,&quot;shutter_speed&quot;:&quot;0&quot;,&quot;title&quot;:&quot;&quot;}\" data-image-title=\"IMG_1949\" data-image-description=\"\" data-image-caption=\"\" data-medium-file=\"https:\/\/www.taekwondo-ates.de\/wp-content\/uploads\/2020\/03\/IMG_1949-300x237.jpg\" data-large-file=\"https:\/\/www.taekwondo-ates.de\/wp-content\/uploads\/2020\/03\/IMG_1949-1024x810.jpg\" decoding=\"async\" loading=\"lazy\" class=\"alignnone size-medium wp-image-2932\" alt=\"IMG_1949\" src=\"http:\/\/www.taekwondo-ates.de\/wp-content\/uploads\/2020\/03\/IMG_1949-300x237.jpg\" width=\"300\" height=\"237\" srcset=\"https:\/\/www.taekwondo-ates.de\/wp-content\/uploads\/2020\/03\/IMG_1949-300x237.jpg 300w, https:\/\/www.taekwondo-ates.de\/wp-content\/uploads\/2020\/03\/IMG_1949-1024x810.jpg 1024w, https:\/\/www.taekwondo-ates.de\/wp-content\/uploads\/2020\/03\/IMG_1949-378x300.jpg 378w, https:\/\/www.taekwondo-ates.de\/wp-content\/uploads\/2020\/03\/IMG_1949.jpg 1061w\" sizes=\"(max-width: 300px) 100vw, 300px\" \/><\/a><\/p>\n<p><b><span style=\"text-decoration: underline;\">Bild vorne von links:<br \/>\n<\/span><\/b><em>Koray Kefal 1.Pl., Hendrik Bruder 1.Pl., Michael Root 3.Pl., Moritz Himmelsbach 2.Pl., Emiray Kefal 1.Pl., Sami Ben Hadj 4.Pl., Mark Beraz 3.Pl.,<\/em><br \/>\n<em>Emelie Sepp 1.Pl., Joud Alhomsi 1.Pl., Dean-Collin Lienhard 1.Pl., Celia Schober 3.Pl..<\/em><\/p>\n<p><b><span style=\"text-decoration: underline;\">Bild Mitte von links:<br \/>\n<\/span><\/b><em>Baran Dal 1.Pl., Maxim Hogenm\u00fcller 1.Pl., Ali K\u00f6se 2.Pl., Dominik Byczkiewcz 1.Pl., Danil Klemer 1.Pl., Kjell Bogdahn 2.Pl., Ali Alhomsi 2.Pl. Cornelius J\u00f6rger 2.Pl., Wadim Klemer 3.Pl., Lilla Byczkiewcz 2.Pl., Coach Sadat Saidvalyshah.<\/em><\/p>\n<p><b><span style=\"text-decoration: underline;\">Bild hinten von links:<br \/>\n<\/span><\/b><em id=\"__mceDel\" style=\"font-weight: 300;\">Trainer Aydin Ates, Kampfrichter Nikolai Tolmatschew, Coach Jason Wolf, Tuncay Nezir 1.Pl., Julius Hensler 1.Pl., Selinnay Meral 2.Pl., Yaren Dal 1.Pl., Amin Aziz 3.Pl., Fabian G\u00f6cks 1.Pl. Coach Marcel Dietz, Tobias Husch, Clemens Wolf.<\/em><\/p>\n\n\t\t<style type=\"text\/css\">\n\t\t\t#gallery-1 {\n\t\t\t\tmargin: auto;\n\t\t\t}\n\t\t\t#gallery-1 .gallery-item {\n\t\t\t\tfloat: left;\n\t\t\t\tmargin-top: 10px;\n\t\t\t\ttext-align: center;\n\t\t\t\twidth: 33%;\n\t\t\t}\n\t\t\t#gallery-1 img {\n\t\t\t\tborder: 2px solid #cfcfcf;\n\t\t\t}\n\t\t\t#gallery-1 .gallery-caption {\n\t\t\t\tmargin-left: 0;\n\t\t\t}\n\t\t\t\/* see gallery_shortcode() in wp-includes\/media.php *\/\n\t\t<\/style>\n\t\t<div data-carousel-extra='{\"blog_id\":1,\"permalink\":\"https:\\\/\\\/www.taekwondo-ates.de\\\/?p=2931\"}' id='gallery-1' class='gallery galleryid-2931 gallery-columns-3 gallery-size-thumbnail'><dl class='gallery-item'>\n\t\t\t<dt class='gallery-icon portrait'>\n\t\t\t\t<a href='https:\/\/www.taekwondo-ates.de\/?attachment_id=2936'><img width=\"150\" height=\"150\" src=\"https:\/\/www.taekwondo-ates.de\/wp-content\/uploads\/2020\/03\/FullSizeRender-1-150x150.jpg\" class=\"attachment-thumbnail size-thumbnail\" alt=\"\" decoding=\"async\" loading=\"lazy\" data-attachment-id=\"2936\" data-permalink=\"https:\/\/www.taekwondo-ates.de\/?attachment_id=2936\" data-orig-file=\"https:\/\/www.taekwondo-ates.de\/wp-content\/uploads\/2020\/03\/FullSizeRender-1.jpg\" data-orig-size=\"1224,1632\" data-comments-opened=\"0\" data-image-meta=\"{&quot;aperture&quot;:&quot;0&quot;,&quot;credit&quot;:&quot;&quot;,&quot;camera&quot;:&quot;&quot;,&quot;caption&quot;:&quot;&quot;,&quot;created_timestamp&quot;:&quot;0&quot;,&quot;copyright&quot;:&quot;&quot;,&quot;focal_length&quot;:&quot;0&quot;,&quot;iso&quot;:&quot;0&quot;,&quot;shutter_speed&quot;:&quot;0&quot;,&quot;title&quot;:&quot;&quot;}\" data-image-title=\"FullSizeRender (1)\" data-image-description=\"\" data-image-caption=\"\" data-medium-file=\"https:\/\/www.taekwondo-ates.de\/wp-content\/uploads\/2020\/03\/FullSizeRender-1-225x300.jpg\" data-large-file=\"https:\/\/www.taekwondo-ates.de\/wp-content\/uploads\/2020\/03\/FullSizeRender-1-768x1024.jpg\" \/><\/a>\n\t\t\t<\/dt><\/dl><dl class='gallery-item'>\n\t\t\t<dt class='gallery-icon landscape'>\n\t\t\t\t<a href='https:\/\/www.taekwondo-ates.de\/?attachment_id=2937'><img width=\"150\" height=\"150\" src=\"https:\/\/www.taekwondo-ates.de\/wp-content\/uploads\/2020\/03\/FullSizeRender-2-150x150.jpg\" class=\"attachment-thumbnail size-thumbnail\" alt=\"\" decoding=\"async\" loading=\"lazy\" data-attachment-id=\"2937\" data-permalink=\"https:\/\/www.taekwondo-ates.de\/?attachment_id=2937\" data-orig-file=\"https:\/\/www.taekwondo-ates.de\/wp-content\/uploads\/2020\/03\/FullSizeRender-2.jpg\" data-orig-size=\"1632,1224\" data-comments-opened=\"0\" data-image-meta=\"{&quot;aperture&quot;:&quot;0&quot;,&quot;credit&quot;:&quot;&quot;,&quot;camera&quot;:&quot;&quot;,&quot;caption&quot;:&quot;&quot;,&quot;created_timestamp&quot;:&quot;0&quot;,&quot;copyright&quot;:&quot;&quot;,&quot;focal_length&quot;:&quot;0&quot;,&quot;iso&quot;:&quot;0&quot;,&quot;shutter_speed&quot;:&quot;0&quot;,&quot;title&quot;:&quot;&quot;}\" data-image-title=\"FullSizeRender (2)\" data-image-description=\"\" data-image-caption=\"\" data-medium-file=\"https:\/\/www.taekwondo-ates.de\/wp-content\/uploads\/2020\/03\/FullSizeRender-2-300x225.jpg\" data-large-file=\"https:\/\/www.taekwondo-ates.de\/wp-content\/uploads\/2020\/03\/FullSizeRender-2-1024x768.jpg\" \/><\/a>\n\t\t\t<\/dt><\/dl><dl class='gallery-item'>\n\t\t\t<dt class='gallery-icon landscape'>\n\t\t\t\t<a href='https:\/\/www.taekwondo-ates.de\/?attachment_id=2938'><img width=\"150\" height=\"150\" src=\"https:\/\/www.taekwondo-ates.de\/wp-content\/uploads\/2020\/03\/FullSizeRender-150x150.jpg\" class=\"attachment-thumbnail size-thumbnail\" alt=\"\" decoding=\"async\" loading=\"lazy\" data-attachment-id=\"2938\" data-permalink=\"https:\/\/www.taekwondo-ates.de\/?attachment_id=2938\" data-orig-file=\"https:\/\/www.taekwondo-ates.de\/wp-content\/uploads\/2020\/03\/FullSizeRender.jpg\" data-orig-size=\"1632,1224\" data-comments-opened=\"0\" data-image-meta=\"{&quot;aperture&quot;:&quot;0&quot;,&quot;credit&quot;:&quot;&quot;,&quot;camera&quot;:&quot;&quot;,&quot;caption&quot;:&quot;&quot;,&quot;created_timestamp&quot;:&quot;0&quot;,&quot;copyright&quot;:&quot;&quot;,&quot;focal_length&quot;:&quot;0&quot;,&quot;iso&quot;:&quot;0&quot;,&quot;shutter_speed&quot;:&quot;0&quot;,&quot;title&quot;:&quot;&quot;}\" data-image-title=\"FullSizeRender\" data-image-description=\"\" data-image-caption=\"\" data-medium-file=\"https:\/\/www.taekwondo-ates.de\/wp-content\/uploads\/2020\/03\/FullSizeRender-300x225.jpg\" data-large-file=\"https:\/\/www.taekwondo-ates.de\/wp-content\/uploads\/2020\/03\/FullSizeRender-1024x768.jpg\" \/><\/a>\n\t\t\t<\/dt><\/dl><br style=\"clear: both\" \/><dl class='gallery-item'>\n\t\t\t<dt class='gallery-icon landscape'>\n\t\t\t\t<a href='https:\/\/www.taekwondo-ates.de\/?attachment_id=2939'><img width=\"150\" height=\"150\" src=\"https:\/\/www.taekwondo-ates.de\/wp-content\/uploads\/2020\/03\/IMG_1950-150x150.jpg\" class=\"attachment-thumbnail size-thumbnail\" alt=\"\" decoding=\"async\" loading=\"lazy\" data-attachment-id=\"2939\" data-permalink=\"https:\/\/www.taekwondo-ates.de\/?attachment_id=2939\" data-orig-file=\"https:\/\/www.taekwondo-ates.de\/wp-content\/uploads\/2020\/03\/IMG_1950.jpg\" data-orig-size=\"1038,543\" data-comments-opened=\"0\" data-image-meta=\"{&quot;aperture&quot;:&quot;0&quot;,&quot;credit&quot;:&quot;&quot;,&quot;camera&quot;:&quot;&quot;,&quot;caption&quot;:&quot;&quot;,&quot;created_timestamp&quot;:&quot;0&quot;,&quot;copyright&quot;:&quot;&quot;,&quot;focal_length&quot;:&quot;0&quot;,&quot;iso&quot;:&quot;0&quot;,&quot;shutter_speed&quot;:&quot;0&quot;,&quot;title&quot;:&quot;&quot;}\" data-image-title=\"IMG_1950\" data-image-description=\"\" data-image-caption=\"\" data-medium-file=\"https:\/\/www.taekwondo-ates.de\/wp-content\/uploads\/2020\/03\/IMG_1950-300x156.jpg\" data-large-file=\"https:\/\/www.taekwondo-ates.de\/wp-content\/uploads\/2020\/03\/IMG_1950-1024x535.jpg\" \/><\/a>\n\t\t\t<\/dt><\/dl><dl class='gallery-item'>\n\t\t\t<dt class='gallery-icon portrait'>\n\t\t\t\t<a href='https:\/\/www.taekwondo-ates.de\/?attachment_id=2940'><img width=\"150\" height=\"150\" src=\"https:\/\/www.taekwondo-ates.de\/wp-content\/uploads\/2020\/03\/IMG_1951-150x150.jpg\" class=\"attachment-thumbnail size-thumbnail\" alt=\"\" decoding=\"async\" loading=\"lazy\" data-attachment-id=\"2940\" data-permalink=\"https:\/\/www.taekwondo-ates.de\/?attachment_id=2940\" data-orig-file=\"https:\/\/www.taekwondo-ates.de\/wp-content\/uploads\/2020\/03\/IMG_1951.jpg\" data-orig-size=\"840,1050\" data-comments-opened=\"0\" data-image-meta=\"{&quot;aperture&quot;:&quot;0&quot;,&quot;credit&quot;:&quot;&quot;,&quot;camera&quot;:&quot;&quot;,&quot;caption&quot;:&quot;&quot;,&quot;created_timestamp&quot;:&quot;0&quot;,&quot;copyright&quot;:&quot;&quot;,&quot;focal_length&quot;:&quot;0&quot;,&quot;iso&quot;:&quot;0&quot;,&quot;shutter_speed&quot;:&quot;0&quot;,&quot;title&quot;:&quot;&quot;}\" data-image-title=\"IMG_1951\" data-image-description=\"\" data-image-caption=\"\" data-medium-file=\"https:\/\/www.taekwondo-ates.de\/wp-content\/uploads\/2020\/03\/IMG_1951-240x300.jpg\" data-large-file=\"https:\/\/www.taekwondo-ates.de\/wp-content\/uploads\/2020\/03\/IMG_1951-819x1024.jpg\" \/><\/a>\n\t\t\t<\/dt><\/dl><dl class='gallery-item'>\n\t\t\t<dt class='gallery-icon landscape'>\n\t\t\t\t<a href='https:\/\/www.taekwondo-ates.de\/?attachment_id=2941'><img width=\"150\" height=\"150\" src=\"https:\/\/www.taekwondo-ates.de\/wp-content\/uploads\/2020\/03\/IMG_1954-150x150.jpg\" class=\"attachment-thumbnail size-thumbnail\" alt=\"\" decoding=\"async\" loading=\"lazy\" srcset=\"https:\/\/www.taekwondo-ates.de\/wp-content\/uploads\/2020\/03\/IMG_1954-150x150.jpg 150w, https:\/\/www.taekwondo-ates.de\/wp-content\/uploads\/2020\/03\/IMG_1954-300x300.jpg 300w, https:\/\/www.taekwondo-ates.de\/wp-content\/uploads\/2020\/03\/IMG_1954-1024x1024.jpg 1024w, https:\/\/www.taekwondo-ates.de\/wp-content\/uploads\/2020\/03\/IMG_1954.jpg 1223w\" sizes=\"(max-width: 150px) 100vw, 150px\" data-attachment-id=\"2941\" data-permalink=\"https:\/\/www.taekwondo-ates.de\/?attachment_id=2941\" data-orig-file=\"https:\/\/www.taekwondo-ates.de\/wp-content\/uploads\/2020\/03\/IMG_1954.jpg\" data-orig-size=\"1223,1223\" data-comments-opened=\"0\" data-image-meta=\"{&quot;aperture&quot;:&quot;0&quot;,&quot;credit&quot;:&quot;&quot;,&quot;camera&quot;:&quot;&quot;,&quot;caption&quot;:&quot;&quot;,&quot;created_timestamp&quot;:&quot;0&quot;,&quot;copyright&quot;:&quot;&quot;,&quot;focal_length&quot;:&quot;0&quot;,&quot;iso&quot;:&quot;0&quot;,&quot;shutter_speed&quot;:&quot;0&quot;,&quot;title&quot;:&quot;&quot;}\" data-image-title=\"IMG_1954\" data-image-description=\"\" data-image-caption=\"\" data-medium-file=\"https:\/\/www.taekwondo-ates.de\/wp-content\/uploads\/2020\/03\/IMG_1954-300x300.jpg\" data-large-file=\"https:\/\/www.taekwondo-ates.de\/wp-content\/uploads\/2020\/03\/IMG_1954-1024x1024.jpg\" \/><\/a>\n\t\t\t<\/dt><\/dl><br style=\"clear: both\" \/><dl class='gallery-item'>\n\t\t\t<dt class='gallery-icon landscape'>\n\t\t\t\t<a href='https:\/\/www.taekwondo-ates.de\/?attachment_id=2942'><img width=\"150\" height=\"150\" src=\"https:\/\/www.taekwondo-ates.de\/wp-content\/uploads\/2020\/03\/IMG_1956-150x150.jpg\" class=\"attachment-thumbnail size-thumbnail\" alt=\"\" decoding=\"async\" loading=\"lazy\" srcset=\"https:\/\/www.taekwondo-ates.de\/wp-content\/uploads\/2020\/03\/IMG_1956-150x150.jpg 150w, https:\/\/www.taekwondo-ates.de\/wp-content\/uploads\/2020\/03\/IMG_1956-300x298.jpg 300w, https:\/\/www.taekwondo-ates.de\/wp-content\/uploads\/2020\/03\/IMG_1956-1024x1018.jpg 1024w, https:\/\/www.taekwondo-ates.de\/wp-content\/uploads\/2020\/03\/IMG_1956-301x300.jpg 301w, https:\/\/www.taekwondo-ates.de\/wp-content\/uploads\/2020\/03\/IMG_1956.jpg 1228w\" sizes=\"(max-width: 150px) 100vw, 150px\" data-attachment-id=\"2942\" data-permalink=\"https:\/\/www.taekwondo-ates.de\/?attachment_id=2942\" data-orig-file=\"https:\/\/www.taekwondo-ates.de\/wp-content\/uploads\/2020\/03\/IMG_1956.jpg\" data-orig-size=\"1228,1222\" data-comments-opened=\"0\" data-image-meta=\"{&quot;aperture&quot;:&quot;0&quot;,&quot;credit&quot;:&quot;&quot;,&quot;camera&quot;:&quot;&quot;,&quot;caption&quot;:&quot;&quot;,&quot;created_timestamp&quot;:&quot;0&quot;,&quot;copyright&quot;:&quot;&quot;,&quot;focal_length&quot;:&quot;0&quot;,&quot;iso&quot;:&quot;0&quot;,&quot;shutter_speed&quot;:&quot;0&quot;,&quot;title&quot;:&quot;&quot;}\" data-image-title=\"IMG_1956\" data-image-description=\"\" data-image-caption=\"\" data-medium-file=\"https:\/\/www.taekwondo-ates.de\/wp-content\/uploads\/2020\/03\/IMG_1956-300x298.jpg\" data-large-file=\"https:\/\/www.taekwondo-ates.de\/wp-content\/uploads\/2020\/03\/IMG_1956-1024x1018.jpg\" \/><\/a>\n\t\t\t<\/dt><\/dl><dl class='gallery-item'>\n\t\t\t<dt class='gallery-icon landscape'>\n\t\t\t\t<a href='https:\/\/www.taekwondo-ates.de\/?attachment_id=2943'><img width=\"150\" height=\"150\" src=\"https:\/\/www.taekwondo-ates.de\/wp-content\/uploads\/2020\/03\/IMG_1957-150x150.jpg\" class=\"attachment-thumbnail size-thumbnail\" alt=\"\" decoding=\"async\" loading=\"lazy\" srcset=\"https:\/\/www.taekwondo-ates.de\/wp-content\/uploads\/2020\/03\/IMG_1957-150x150.jpg 150w, https:\/\/www.taekwondo-ates.de\/wp-content\/uploads\/2020\/03\/IMG_1957-300x298.jpg 300w, https:\/\/www.taekwondo-ates.de\/wp-content\/uploads\/2020\/03\/IMG_1957-1024x1018.jpg 1024w, https:\/\/www.taekwondo-ates.de\/wp-content\/uploads\/2020\/03\/IMG_1957-301x300.jpg 301w, https:\/\/www.taekwondo-ates.de\/wp-content\/uploads\/2020\/03\/IMG_1957.jpg 1228w\" sizes=\"(max-width: 150px) 100vw, 150px\" data-attachment-id=\"2943\" data-permalink=\"https:\/\/www.taekwondo-ates.de\/?attachment_id=2943\" data-orig-file=\"https:\/\/www.taekwondo-ates.de\/wp-content\/uploads\/2020\/03\/IMG_1957.jpg\" data-orig-size=\"1228,1222\" data-comments-opened=\"0\" data-image-meta=\"{&quot;aperture&quot;:&quot;0&quot;,&quot;credit&quot;:&quot;&quot;,&quot;camera&quot;:&quot;&quot;,&quot;caption&quot;:&quot;&quot;,&quot;created_timestamp&quot;:&quot;0&quot;,&quot;copyright&quot;:&quot;&quot;,&quot;focal_length&quot;:&quot;0&quot;,&quot;iso&quot;:&quot;0&quot;,&quot;shutter_speed&quot;:&quot;0&quot;,&quot;title&quot;:&quot;&quot;}\" data-image-title=\"IMG_1957\" data-image-description=\"\" data-image-caption=\"\" data-medium-file=\"https:\/\/www.taekwondo-ates.de\/wp-content\/uploads\/2020\/03\/IMG_1957-300x298.jpg\" data-large-file=\"https:\/\/www.taekwondo-ates.de\/wp-content\/uploads\/2020\/03\/IMG_1957-1024x1018.jpg\" \/><\/a>\n\t\t\t<\/dt><\/dl><dl class='gallery-item'>\n\t\t\t<dt class='gallery-icon landscape'>\n\t\t\t\t<a href='https:\/\/www.taekwondo-ates.de\/?attachment_id=2944'><img width=\"150\" height=\"150\" src=\"https:\/\/www.taekwondo-ates.de\/wp-content\/uploads\/2020\/03\/IMG_1959-150x150.jpg\" class=\"attachment-thumbnail size-thumbnail\" alt=\"\" decoding=\"async\" loading=\"lazy\" srcset=\"https:\/\/www.taekwondo-ates.de\/wp-content\/uploads\/2020\/03\/IMG_1959-150x150.jpg 150w, https:\/\/www.taekwondo-ates.de\/wp-content\/uploads\/2020\/03\/IMG_1959-300x300.jpg 300w, https:\/\/www.taekwondo-ates.de\/wp-content\/uploads\/2020\/03\/IMG_1959-1024x1024.jpg 1024w, https:\/\/www.taekwondo-ates.de\/wp-content\/uploads\/2020\/03\/IMG_1959.jpg 1223w\" sizes=\"(max-width: 150px) 100vw, 150px\" data-attachment-id=\"2944\" data-permalink=\"https:\/\/www.taekwondo-ates.de\/?attachment_id=2944\" data-orig-file=\"https:\/\/www.taekwondo-ates.de\/wp-content\/uploads\/2020\/03\/IMG_1959.jpg\" data-orig-size=\"1223,1223\" data-comments-opened=\"0\" data-image-meta=\"{&quot;aperture&quot;:&quot;0&quot;,&quot;credit&quot;:&quot;&quot;,&quot;camera&quot;:&quot;&quot;,&quot;caption&quot;:&quot;&quot;,&quot;created_timestamp&quot;:&quot;0&quot;,&quot;copyright&quot;:&quot;&quot;,&quot;focal_length&quot;:&quot;0&quot;,&quot;iso&quot;:&quot;0&quot;,&quot;shutter_speed&quot;:&quot;0&quot;,&quot;title&quot;:&quot;&quot;}\" data-image-title=\"IMG_1959\" data-image-description=\"\" data-image-caption=\"\" data-medium-file=\"https:\/\/www.taekwondo-ates.de\/wp-content\/uploads\/2020\/03\/IMG_1959-300x300.jpg\" data-large-file=\"https:\/\/www.taekwondo-ates.de\/wp-content\/uploads\/2020\/03\/IMG_1959-1024x1024.jpg\" \/><\/a>\n\t\t\t<\/dt><\/dl><br style=\"clear: both\" \/><dl class='gallery-item'>\n\t\t\t<dt class='gallery-icon landscape'>\n\t\t\t\t<a href='https:\/\/www.taekwondo-ates.de\/?attachment_id=2945'><img width=\"150\" height=\"150\" src=\"https:\/\/www.taekwondo-ates.de\/wp-content\/uploads\/2020\/03\/IMG_1960-150x150.jpg\" class=\"attachment-thumbnail size-thumbnail\" alt=\"\" decoding=\"async\" loading=\"lazy\" srcset=\"https:\/\/www.taekwondo-ates.de\/wp-content\/uploads\/2020\/03\/IMG_1960-150x150.jpg 150w, https:\/\/www.taekwondo-ates.de\/wp-content\/uploads\/2020\/03\/IMG_1960-300x300.jpg 300w, https:\/\/www.taekwondo-ates.de\/wp-content\/uploads\/2020\/03\/IMG_1960-1024x1024.jpg 1024w, https:\/\/www.taekwondo-ates.de\/wp-content\/uploads\/2020\/03\/IMG_1960.jpg 1223w\" sizes=\"(max-width: 150px) 100vw, 150px\" data-attachment-id=\"2945\" data-permalink=\"https:\/\/www.taekwondo-ates.de\/?attachment_id=2945\" data-orig-file=\"https:\/\/www.taekwondo-ates.de\/wp-content\/uploads\/2020\/03\/IMG_1960.jpg\" data-orig-size=\"1223,1223\" data-comments-opened=\"0\" data-image-meta=\"{&quot;aperture&quot;:&quot;0&quot;,&quot;credit&quot;:&quot;&quot;,&quot;camera&quot;:&quot;&quot;,&quot;caption&quot;:&quot;&quot;,&quot;created_timestamp&quot;:&quot;0&quot;,&quot;copyright&quot;:&quot;&quot;,&quot;focal_length&quot;:&quot;0&quot;,&quot;iso&quot;:&quot;0&quot;,&quot;shutter_speed&quot;:&quot;0&quot;,&quot;title&quot;:&quot;&quot;}\" data-image-title=\"IMG_1960\" data-image-description=\"\" data-image-caption=\"\" data-medium-file=\"https:\/\/www.taekwondo-ates.de\/wp-content\/uploads\/2020\/03\/IMG_1960-300x300.jpg\" data-large-file=\"https:\/\/www.taekwondo-ates.de\/wp-content\/uploads\/2020\/03\/IMG_1960-1024x1024.jpg\" \/><\/a>\n\t\t\t<\/dt><\/dl><dl class='gallery-item'>\n\t\t\t<dt class='gallery-icon landscape'>\n\t\t\t\t<a href='https:\/\/www.taekwondo-ates.de\/?attachment_id=2946'><img width=\"150\" height=\"150\" src=\"https:\/\/www.taekwondo-ates.de\/wp-content\/uploads\/2020\/03\/IMG_1961-150x150.jpg\" class=\"attachment-thumbnail size-thumbnail\" alt=\"\" decoding=\"async\" loading=\"lazy\" srcset=\"https:\/\/www.taekwondo-ates.de\/wp-content\/uploads\/2020\/03\/IMG_1961-150x150.jpg 150w, https:\/\/www.taekwondo-ates.de\/wp-content\/uploads\/2020\/03\/IMG_1961-300x300.jpg 300w, https:\/\/www.taekwondo-ates.de\/wp-content\/uploads\/2020\/03\/IMG_1961-1024x1024.jpg 1024w, https:\/\/www.taekwondo-ates.de\/wp-content\/uploads\/2020\/03\/IMG_1961.jpg 1223w\" sizes=\"(max-width: 150px) 100vw, 150px\" data-attachment-id=\"2946\" data-permalink=\"https:\/\/www.taekwondo-ates.de\/?attachment_id=2946\" data-orig-file=\"https:\/\/www.taekwondo-ates.de\/wp-content\/uploads\/2020\/03\/IMG_1961.jpg\" data-orig-size=\"1223,1223\" data-comments-opened=\"0\" data-image-meta=\"{&quot;aperture&quot;:&quot;0&quot;,&quot;credit&quot;:&quot;&quot;,&quot;camera&quot;:&quot;&quot;,&quot;caption&quot;:&quot;&quot;,&quot;created_timestamp&quot;:&quot;0&quot;,&quot;copyright&quot;:&quot;&quot;,&quot;focal_length&quot;:&quot;0&quot;,&quot;iso&quot;:&quot;0&quot;,&quot;shutter_speed&quot;:&quot;0&quot;,&quot;title&quot;:&quot;&quot;}\" data-image-title=\"IMG_1961\" data-image-description=\"\" data-image-caption=\"\" data-medium-file=\"https:\/\/www.taekwondo-ates.de\/wp-content\/uploads\/2020\/03\/IMG_1961-300x300.jpg\" data-large-file=\"https:\/\/www.taekwondo-ates.de\/wp-content\/uploads\/2020\/03\/IMG_1961-1024x1024.jpg\" \/><\/a>\n\t\t\t<\/dt><\/dl>\n\t\t\t<br style='clear: both' \/>\n\t\t<\/div>\n\n","protected":false},"excerpt":{"rendered":"<p>Taekwondo Ates e.V. war Ausrichter der Badischen Meisterschaften 2020 in der Kinzigtal-Halle Gengenbach. Mit 30 Sch\u00fclern erreichte Taekwondo Ates 15 Badische Meister, 7 x Silber und 6 x Bronze-Medaillen und den\u00a04. Platz bei der Mannschaftswertung. Trainer Aydin Ates war sehr &hellip; <a href=\"https:\/\/www.taekwondo-ates.de\/?p=2931\">Weiterlesen <span class=\"meta-nav\">&rarr;<\/span><\/a><\/p>\n","protected":false},"author":1,"featured_media":0,"comment_status":"closed","ping_status":"closed","sticky":false,"template":"","format":"standard","meta":{"ngg_post_thumbnail":0,"jetpack_post_was_ever_published":false},"categories":[4],"tags":[147],"jetpack_featured_media_url":"","jetpack_shortlink":"https:\/\/wp.me\/p214aU-Lh","jetpack_sharing_enabled":true,"_links":{"self":[{"href":"https:\/\/www.taekwondo-ates.de\/index.php?rest_route=\/wp\/v2\/posts\/2931"}],"collection":[{"href":"https:\/\/www.taekwondo-ates.de\/index.php?rest_route=\/wp\/v2\/posts"}],"about":[{"href":"https:\/\/www.taekwondo-ates.de\/index.php?rest_route=\/wp\/v2\/types\/post"}],"author":[{"embeddable":true,"href":"https:\/\/www.taekwondo-ates.de\/index.php?rest_route=\/wp\/v2\/users\/1"}],"replies":[{"embeddable":true,"href":"https:\/\/www.taekwondo-ates.de\/index.php?rest_route=%2Fwp%2Fv2%2Fcomments&post=2931"}],"version-history":[{"count":4,"href":"https:\/\/www.taekwondo-ates.de\/index.php?rest_route=\/wp\/v2\/posts\/2931\/revisions"}],"predecessor-version":[{"id":2935,"href":"https:\/\/www.taekwondo-ates.de\/index.php?rest_route=\/wp\/v2\/posts\/2931\/revisions\/2935"}],"wp:attachment":[{"href":"https:\/\/www.taekwondo-ates.de\/index.php?rest_route=%2Fwp%2Fv2%2Fmedia&parent=2931"}],"wp:term":[{"taxonomy":"category","embeddable":true,"href":"https:\/\/www.taekwondo-ates.de\/index.php?rest_route=%2Fwp%2Fv2%2Fcategories&post=2931"},{"taxonomy":"post_tag","embeddable":true,"href":"https:\/\/www.taekwondo-ates.de\/index.php?rest_route=%2Fwp%2Fv2%2Ftags&post=2931"}],"curies":[{"name":"wp","href":"https:\/\/api.w.org\/{rel}","templated":true}]}}