{"id":2866,"date":"2019-12-15T14:15:16","date_gmt":"2019-12-15T13:15:16","guid":{"rendered":"http:\/\/www.taekwondo-ates.de\/?p=2866"},"modified":"2019-12-15T14:15:16","modified_gmt":"2019-12-15T13:15:16","slug":"taekwondo-gurtelprufung-11-12-19-in-gengenbach","status":"publish","type":"post","link":"https:\/\/www.taekwondo-ates.de\/?p=2866","title":{"rendered":"Taekwondo G\u00fcrtelpr\u00fcfung 11.12.19 in Gengenbach"},"content":{"rendered":"<p><span style=\"font-weight: 300;\">Taekwondo Ates f\u00fchrte zum Jahresende am letzten Mittwoch eine G\u00fcrtelpr\u00fcfung auch in Gengenbach durch.<\/span><\/p>\n<p>Insgesamt\u00a0ca. 35\u00a0Pr\u00fcflinge stellten sich den\u00a0Pr\u00fcfungsanforderungen, die ihrer jeweiligen Graduierung abverlangt werden.<br \/>\n13\u00a0Sch\u00fcler\u00a0und\u00a0absolvierten\u00a0ihre erste G\u00fcrtelpr\u00fcfung souver\u00e4n. Besonders stolz war Trainer und Pr\u00fcfer Aydin Ates auf seinen j\u00fcngsten Sch\u00fctzling Michael Root!<br \/>\nDank guter Vorbereitung konnten\u00a0alle\u00a0Teilnehmer bestehen und erreichten somit denn n\u00e4chst h\u00f6heren G\u00fcrtel.<\/p>\n<p><a href=\"http:\/\/www.taekwondo-ates.de\/wp-content\/uploads\/2019\/12\/FullSizeRender.jpg\"><img data-attachment-id=\"2867\" data-permalink=\"https:\/\/www.taekwondo-ates.de\/?attachment_id=2867\" data-orig-file=\"https:\/\/www.taekwondo-ates.de\/wp-content\/uploads\/2019\/12\/FullSizeRender.jpg\" data-orig-size=\"2432,2947\" data-comments-opened=\"0\" data-image-meta=\"{&quot;aperture&quot;:&quot;0&quot;,&quot;credit&quot;:&quot;&quot;,&quot;camera&quot;:&quot;&quot;,&quot;caption&quot;:&quot;&quot;,&quot;created_timestamp&quot;:&quot;0&quot;,&quot;copyright&quot;:&quot;&quot;,&quot;focal_length&quot;:&quot;0&quot;,&quot;iso&quot;:&quot;0&quot;,&quot;shutter_speed&quot;:&quot;0&quot;,&quot;title&quot;:&quot;&quot;}\" data-image-title=\"FullSizeRender\" data-image-description=\"\" data-image-caption=\"\" data-medium-file=\"https:\/\/www.taekwondo-ates.de\/wp-content\/uploads\/2019\/12\/FullSizeRender-247x300.jpg\" data-large-file=\"https:\/\/www.taekwondo-ates.de\/wp-content\/uploads\/2019\/12\/FullSizeRender-845x1024.jpg\" decoding=\"async\" loading=\"lazy\" class=\"alignleft size-large wp-image-2867\" alt=\"FullSizeRender\" src=\"http:\/\/www.taekwondo-ates.de\/wp-content\/uploads\/2019\/12\/FullSizeRender-845x1024.jpg\" width=\"584\" height=\"707\" srcset=\"https:\/\/www.taekwondo-ates.de\/wp-content\/uploads\/2019\/12\/FullSizeRender-845x1024.jpg 845w, https:\/\/www.taekwondo-ates.de\/wp-content\/uploads\/2019\/12\/FullSizeRender-247x300.jpg 247w\" sizes=\"(max-width: 584px) 100vw, 584px\" \/><\/a><\/p>\n<p><span style=\"text-decoration: underline;\">Vorne von links<br \/>\n<\/span>Sophie Maselko, Michael Root, Dean-Collin Lienhard, Anton Steurer<\/p>\n<p><span style=\"text-decoration-line: underline;\">Hinten von links<br \/>\n<\/span>Hendrik Bruder, Ilyas Hepting, Sami Ben Hadj, Louis Waslikowski, Moritz Himmelsbach, Kjell Bogdahn.<\/p>\n\n\t\t<style type=\"text\/css\">\n\t\t\t#gallery-1 {\n\t\t\t\tmargin: auto;\n\t\t\t}\n\t\t\t#gallery-1 .gallery-item {\n\t\t\t\tfloat: left;\n\t\t\t\tmargin-top: 10px;\n\t\t\t\ttext-align: center;\n\t\t\t\twidth: 25%;\n\t\t\t}\n\t\t\t#gallery-1 img {\n\t\t\t\tborder: 2px solid #cfcfcf;\n\t\t\t}\n\t\t\t#gallery-1 .gallery-caption {\n\t\t\t\tmargin-left: 0;\n\t\t\t}\n\t\t\t\/* see gallery_shortcode() in wp-includes\/media.php *\/\n\t\t<\/style>\n\t\t<div data-carousel-extra='{\"blog_id\":1,\"permalink\":\"https:\\\/\\\/www.taekwondo-ates.de\\\/?p=2866\"}' id='gallery-1' class='gallery galleryid-2866 gallery-columns-4 gallery-size-thumbnail'><dl class='gallery-item'>\n\t\t\t<dt class='gallery-icon portrait'>\n\t\t\t\t<a href='https:\/\/www.taekwondo-ates.de\/?attachment_id=2868'><img width=\"150\" height=\"150\" src=\"https:\/\/www.taekwondo-ates.de\/wp-content\/uploads\/2019\/12\/IMG_0774-150x150.jpg\" class=\"attachment-thumbnail size-thumbnail\" alt=\"\" decoding=\"async\" loading=\"lazy\" data-attachment-id=\"2868\" data-permalink=\"https:\/\/www.taekwondo-ates.de\/?attachment_id=2868\" data-orig-file=\"https:\/\/www.taekwondo-ates.de\/wp-content\/uploads\/2019\/12\/IMG_0774.jpg\" data-orig-size=\"2448,2837\" data-comments-opened=\"0\" data-image-meta=\"{&quot;aperture&quot;:&quot;0&quot;,&quot;credit&quot;:&quot;&quot;,&quot;camera&quot;:&quot;&quot;,&quot;caption&quot;:&quot;&quot;,&quot;created_timestamp&quot;:&quot;0&quot;,&quot;copyright&quot;:&quot;&quot;,&quot;focal_length&quot;:&quot;0&quot;,&quot;iso&quot;:&quot;0&quot;,&quot;shutter_speed&quot;:&quot;0&quot;,&quot;title&quot;:&quot;&quot;}\" data-image-title=\"IMG_0774\" data-image-description=\"\" data-image-caption=\"\" data-medium-file=\"https:\/\/www.taekwondo-ates.de\/wp-content\/uploads\/2019\/12\/IMG_0774-258x300.jpg\" data-large-file=\"https:\/\/www.taekwondo-ates.de\/wp-content\/uploads\/2019\/12\/IMG_0774-883x1024.jpg\" \/><\/a>\n\t\t\t<\/dt><\/dl><dl class='gallery-item'>\n\t\t\t<dt class='gallery-icon landscape'>\n\t\t\t\t<a href='https:\/\/www.taekwondo-ates.de\/?attachment_id=2869'><img width=\"150\" height=\"150\" src=\"https:\/\/www.taekwondo-ates.de\/wp-content\/uploads\/2019\/12\/IMG_0775-150x150.jpg\" class=\"attachment-thumbnail size-thumbnail\" alt=\"\" decoding=\"async\" loading=\"lazy\" srcset=\"https:\/\/www.taekwondo-ates.de\/wp-content\/uploads\/2019\/12\/IMG_0775-150x150.jpg 150w, https:\/\/www.taekwondo-ates.de\/wp-content\/uploads\/2019\/12\/IMG_0775-300x300.jpg 300w, https:\/\/www.taekwondo-ates.de\/wp-content\/uploads\/2019\/12\/IMG_0775-1024x1024.jpg 1024w\" sizes=\"(max-width: 150px) 100vw, 150px\" data-attachment-id=\"2869\" data-permalink=\"https:\/\/www.taekwondo-ates.de\/?attachment_id=2869\" data-orig-file=\"https:\/\/www.taekwondo-ates.de\/wp-content\/uploads\/2019\/12\/IMG_0775.jpg\" data-orig-size=\"2447,2447\" data-comments-opened=\"0\" data-image-meta=\"{&quot;aperture&quot;:&quot;0&quot;,&quot;credit&quot;:&quot;&quot;,&quot;camera&quot;:&quot;&quot;,&quot;caption&quot;:&quot;&quot;,&quot;created_timestamp&quot;:&quot;0&quot;,&quot;copyright&quot;:&quot;&quot;,&quot;focal_length&quot;:&quot;0&quot;,&quot;iso&quot;:&quot;0&quot;,&quot;shutter_speed&quot;:&quot;0&quot;,&quot;title&quot;:&quot;&quot;}\" data-image-title=\"IMG_0775\" data-image-description=\"\" data-image-caption=\"\" data-medium-file=\"https:\/\/www.taekwondo-ates.de\/wp-content\/uploads\/2019\/12\/IMG_0775-300x300.jpg\" data-large-file=\"https:\/\/www.taekwondo-ates.de\/wp-content\/uploads\/2019\/12\/IMG_0775-1024x1024.jpg\" \/><\/a>\n\t\t\t<\/dt><\/dl><dl class='gallery-item'>\n\t\t\t<dt class='gallery-icon landscape'>\n\t\t\t\t<a href='https:\/\/www.taekwondo-ates.de\/?attachment_id=2870'><img width=\"150\" height=\"150\" src=\"https:\/\/www.taekwondo-ates.de\/wp-content\/uploads\/2019\/12\/IMG_0776-150x150.jpg\" class=\"attachment-thumbnail size-thumbnail\" alt=\"\" decoding=\"async\" loading=\"lazy\" srcset=\"https:\/\/www.taekwondo-ates.de\/wp-content\/uploads\/2019\/12\/IMG_0776-150x150.jpg 150w, https:\/\/www.taekwondo-ates.de\/wp-content\/uploads\/2019\/12\/IMG_0776-300x300.jpg 300w, https:\/\/www.taekwondo-ates.de\/wp-content\/uploads\/2019\/12\/IMG_0776-1024x1024.jpg 1024w\" sizes=\"(max-width: 150px) 100vw, 150px\" data-attachment-id=\"2870\" data-permalink=\"https:\/\/www.taekwondo-ates.de\/?attachment_id=2870\" data-orig-file=\"https:\/\/www.taekwondo-ates.de\/wp-content\/uploads\/2019\/12\/IMG_0776.jpg\" data-orig-size=\"2447,2447\" data-comments-opened=\"0\" data-image-meta=\"{&quot;aperture&quot;:&quot;0&quot;,&quot;credit&quot;:&quot;&quot;,&quot;camera&quot;:&quot;&quot;,&quot;caption&quot;:&quot;&quot;,&quot;created_timestamp&quot;:&quot;0&quot;,&quot;copyright&quot;:&quot;&quot;,&quot;focal_length&quot;:&quot;0&quot;,&quot;iso&quot;:&quot;0&quot;,&quot;shutter_speed&quot;:&quot;0&quot;,&quot;title&quot;:&quot;&quot;}\" data-image-title=\"IMG_0776\" data-image-description=\"\" data-image-caption=\"\" data-medium-file=\"https:\/\/www.taekwondo-ates.de\/wp-content\/uploads\/2019\/12\/IMG_0776-300x300.jpg\" data-large-file=\"https:\/\/www.taekwondo-ates.de\/wp-content\/uploads\/2019\/12\/IMG_0776-1024x1024.jpg\" \/><\/a>\n\t\t\t<\/dt><\/dl><dl class='gallery-item'>\n\t\t\t<dt class='gallery-icon landscape'>\n\t\t\t\t<a href='https:\/\/www.taekwondo-ates.de\/?attachment_id=2871'><img width=\"150\" height=\"150\" src=\"https:\/\/www.taekwondo-ates.de\/wp-content\/uploads\/2019\/12\/IMG_0777-150x150.jpg\" class=\"attachment-thumbnail size-thumbnail\" alt=\"\" decoding=\"async\" loading=\"lazy\" srcset=\"https:\/\/www.taekwondo-ates.de\/wp-content\/uploads\/2019\/12\/IMG_0777-150x150.jpg 150w, https:\/\/www.taekwondo-ates.de\/wp-content\/uploads\/2019\/12\/IMG_0777-300x300.jpg 300w, https:\/\/www.taekwondo-ates.de\/wp-content\/uploads\/2019\/12\/IMG_0777-1024x1024.jpg 1024w\" sizes=\"(max-width: 150px) 100vw, 150px\" data-attachment-id=\"2871\" data-permalink=\"https:\/\/www.taekwondo-ates.de\/?attachment_id=2871\" data-orig-file=\"https:\/\/www.taekwondo-ates.de\/wp-content\/uploads\/2019\/12\/IMG_0777.jpg\" data-orig-size=\"2447,2447\" data-comments-opened=\"0\" data-image-meta=\"{&quot;aperture&quot;:&quot;0&quot;,&quot;credit&quot;:&quot;&quot;,&quot;camera&quot;:&quot;&quot;,&quot;caption&quot;:&quot;&quot;,&quot;created_timestamp&quot;:&quot;0&quot;,&quot;copyright&quot;:&quot;&quot;,&quot;focal_length&quot;:&quot;0&quot;,&quot;iso&quot;:&quot;0&quot;,&quot;shutter_speed&quot;:&quot;0&quot;,&quot;title&quot;:&quot;&quot;}\" data-image-title=\"IMG_0777\" data-image-description=\"\" data-image-caption=\"\" data-medium-file=\"https:\/\/www.taekwondo-ates.de\/wp-content\/uploads\/2019\/12\/IMG_0777-300x300.jpg\" data-large-file=\"https:\/\/www.taekwondo-ates.de\/wp-content\/uploads\/2019\/12\/IMG_0777-1024x1024.jpg\" \/><\/a>\n\t\t\t<\/dt><\/dl><br style=\"clear: both\" \/>\n\t\t<\/div>\n\n","protected":false},"excerpt":{"rendered":"<p>Taekwondo Ates f\u00fchrte zum Jahresende am letzten Mittwoch eine G\u00fcrtelpr\u00fcfung auch in Gengenbach durch. Insgesamt\u00a0ca. 35\u00a0Pr\u00fcflinge stellten sich den\u00a0Pr\u00fcfungsanforderungen, die ihrer jeweiligen Graduierung abverlangt werden. 13\u00a0Sch\u00fcler\u00a0und\u00a0absolvierten\u00a0ihre erste G\u00fcrtelpr\u00fcfung souver\u00e4n. Besonders stolz war Trainer und Pr\u00fcfer Aydin Ates auf seinen j\u00fcngsten &hellip; <a href=\"https:\/\/www.taekwondo-ates.de\/?p=2866\">Weiterlesen <span class=\"meta-nav\">&rarr;<\/span><\/a><\/p>\n","protected":false},"author":1,"featured_media":0,"comment_status":"closed","ping_status":"closed","sticky":false,"template":"","format":"standard","meta":{"ngg_post_thumbnail":0,"jetpack_post_was_ever_published":false},"categories":[4],"tags":[14],"jetpack_featured_media_url":"","jetpack_shortlink":"https:\/\/wp.me\/p214aU-Ke","jetpack_sharing_enabled":true,"_links":{"self":[{"href":"https:\/\/www.taekwondo-ates.de\/index.php?rest_route=\/wp\/v2\/posts\/2866"}],"collection":[{"href":"https:\/\/www.taekwondo-ates.de\/index.php?rest_route=\/wp\/v2\/posts"}],"about":[{"href":"https:\/\/www.taekwondo-ates.de\/index.php?rest_route=\/wp\/v2\/types\/post"}],"author":[{"embeddable":true,"href":"https:\/\/www.taekwondo-ates.de\/index.php?rest_route=\/wp\/v2\/users\/1"}],"replies":[{"embeddable":true,"href":"https:\/\/www.taekwondo-ates.de\/index.php?rest_route=%2Fwp%2Fv2%2Fcomments&post=2866"}],"version-history":[{"count":1,"href":"https:\/\/www.taekwondo-ates.de\/index.php?rest_route=\/wp\/v2\/posts\/2866\/revisions"}],"predecessor-version":[{"id":2872,"href":"https:\/\/www.taekwondo-ates.de\/index.php?rest_route=\/wp\/v2\/posts\/2866\/revisions\/2872"}],"wp:attachment":[{"href":"https:\/\/www.taekwondo-ates.de\/index.php?rest_route=%2Fwp%2Fv2%2Fmedia&parent=2866"}],"wp:term":[{"taxonomy":"category","embeddable":true,"href":"https:\/\/www.taekwondo-ates.de\/index.php?rest_route=%2Fwp%2Fv2%2Fcategories&post=2866"},{"taxonomy":"post_tag","embeddable":true,"href":"https:\/\/www.taekwondo-ates.de\/index.php?rest_route=%2Fwp%2Fv2%2Ftags&post=2866"}],"curies":[{"name":"wp","href":"https:\/\/api.w.org\/{rel}","templated":true}]}}