{"id":2761,"date":"2019-07-13T19:28:55","date_gmt":"2019-07-13T18:28:55","guid":{"rendered":"http:\/\/www.taekwondo-ates.de\/?p=2761"},"modified":"2019-07-13T19:30:52","modified_gmt":"2019-07-13T18:30:52","slug":"taekwondo-gurtelprufung-3","status":"publish","type":"post","link":"https:\/\/www.taekwondo-ates.de\/?p=2761","title":{"rendered":"Taekwondo G\u00fcrtelpr\u00fcfung"},"content":{"rendered":"<p>Taekwondo\u00a0Ates\u00a0f\u00fchrte am letzten Freitag eine G\u00fcrtelpr\u00fcfung in Offenburg durch.<br \/>\nInsgesamt\u00a0ca. 30\u00a0Pr\u00fcflinge stellten sich den\u00a0Pr\u00fcfungsanforderungen, die ihrer jeweiligen Graduierung abverlangt werden.<br \/>\n4 Kinder absolvierten\u00a0ihre erste G\u00fcrtelpr\u00fcfung souver\u00e4n. Dank guter Vorbereitung konnten\u00a0alle\u00a0Teilnehmer bestehen und erreichten somit denn n\u00e4chst h\u00f6heren G\u00fcrtel.<\/p>\n<p><span style=\"text-decoration: underline;\"><a href=\"http:\/\/www.taekwondo-ates.de\/wp-content\/uploads\/2019\/07\/IMG_8506.jpg\"><img data-attachment-id=\"2762\" data-permalink=\"https:\/\/www.taekwondo-ates.de\/?attachment_id=2762\" data-orig-file=\"https:\/\/www.taekwondo-ates.de\/wp-content\/uploads\/2019\/07\/IMG_8506.jpg\" data-orig-size=\"2074,2074\" data-comments-opened=\"0\" data-image-meta=\"{&quot;aperture&quot;:&quot;0&quot;,&quot;credit&quot;:&quot;&quot;,&quot;camera&quot;:&quot;&quot;,&quot;caption&quot;:&quot;&quot;,&quot;created_timestamp&quot;:&quot;0&quot;,&quot;copyright&quot;:&quot;&quot;,&quot;focal_length&quot;:&quot;0&quot;,&quot;iso&quot;:&quot;0&quot;,&quot;shutter_speed&quot;:&quot;0&quot;,&quot;title&quot;:&quot;&quot;}\" data-image-title=\"IMG_8506\" data-image-description=\"\" data-image-caption=\"\" data-medium-file=\"https:\/\/www.taekwondo-ates.de\/wp-content\/uploads\/2019\/07\/IMG_8506-300x300.jpg\" data-large-file=\"https:\/\/www.taekwondo-ates.de\/wp-content\/uploads\/2019\/07\/IMG_8506-1024x1024.jpg\" decoding=\"async\" loading=\"lazy\" class=\"aligncenter size-large wp-image-2762\" alt=\"IMG_8506\" src=\"http:\/\/www.taekwondo-ates.de\/wp-content\/uploads\/2019\/07\/IMG_8506-1024x1024.jpg\" width=\"584\" height=\"584\" srcset=\"https:\/\/www.taekwondo-ates.de\/wp-content\/uploads\/2019\/07\/IMG_8506-1024x1024.jpg 1024w, https:\/\/www.taekwondo-ates.de\/wp-content\/uploads\/2019\/07\/IMG_8506-150x150.jpg 150w, https:\/\/www.taekwondo-ates.de\/wp-content\/uploads\/2019\/07\/IMG_8506-300x300.jpg 300w\" sizes=\"(max-width: 584px) 100vw, 584px\" \/><\/a><\/span><\/p>\n<p><span style=\"text-decoration: underline;\">Vorne von links<\/span><\/p>\n<p>Roman Konstantinow, Kenan Kavcu, Mark Beraz, Adrian Schlieder, Kilian Konstantinow, David Ganzera, Philipp Badura<\/p>\n<p><span style=\"text-decoration: underline;\">Hinten von links<\/span><\/p>\n<p>Demirsha Ismailov, Emilia Rusin, Johnny Reiswich, Sinan Ismailov<\/p>\n\n\t\t<style type=\"text\/css\">\n\t\t\t#gallery-1 {\n\t\t\t\tmargin: auto;\n\t\t\t}\n\t\t\t#gallery-1 .gallery-item {\n\t\t\t\tfloat: left;\n\t\t\t\tmargin-top: 10px;\n\t\t\t\ttext-align: center;\n\t\t\t\twidth: 33%;\n\t\t\t}\n\t\t\t#gallery-1 img {\n\t\t\t\tborder: 2px solid #cfcfcf;\n\t\t\t}\n\t\t\t#gallery-1 .gallery-caption {\n\t\t\t\tmargin-left: 0;\n\t\t\t}\n\t\t\t\/* see gallery_shortcode() in wp-includes\/media.php *\/\n\t\t<\/style>\n\t\t<div data-carousel-extra='{\"blog_id\":1,\"permalink\":\"https:\\\/\\\/www.taekwondo-ates.de\\\/?p=2761\"}' id='gallery-1' class='gallery galleryid-2761 gallery-columns-3 gallery-size-thumbnail'><dl class='gallery-item'>\n\t\t\t<dt class='gallery-icon landscape'>\n\t\t\t\t<a href='https:\/\/www.taekwondo-ates.de\/?attachment_id=2765'><img width=\"150\" height=\"150\" src=\"https:\/\/www.taekwondo-ates.de\/wp-content\/uploads\/2019\/07\/1_IMG_8504-150x150.jpg\" class=\"attachment-thumbnail size-thumbnail\" alt=\"\" decoding=\"async\" loading=\"lazy\" srcset=\"https:\/\/www.taekwondo-ates.de\/wp-content\/uploads\/2019\/07\/1_IMG_8504-150x150.jpg 150w, https:\/\/www.taekwondo-ates.de\/wp-content\/uploads\/2019\/07\/1_IMG_8504-300x300.jpg 300w, https:\/\/www.taekwondo-ates.de\/wp-content\/uploads\/2019\/07\/1_IMG_8504-1024x1024.jpg 1024w\" sizes=\"(max-width: 150px) 100vw, 150px\" data-attachment-id=\"2765\" data-permalink=\"https:\/\/www.taekwondo-ates.de\/?attachment_id=2765\" data-orig-file=\"https:\/\/www.taekwondo-ates.de\/wp-content\/uploads\/2019\/07\/1_IMG_8504.jpg\" data-orig-size=\"2447,2447\" data-comments-opened=\"0\" data-image-meta=\"{&quot;aperture&quot;:&quot;0&quot;,&quot;credit&quot;:&quot;&quot;,&quot;camera&quot;:&quot;&quot;,&quot;caption&quot;:&quot;&quot;,&quot;created_timestamp&quot;:&quot;0&quot;,&quot;copyright&quot;:&quot;&quot;,&quot;focal_length&quot;:&quot;0&quot;,&quot;iso&quot;:&quot;0&quot;,&quot;shutter_speed&quot;:&quot;0&quot;,&quot;title&quot;:&quot;&quot;}\" data-image-title=\"1_IMG_8504\" data-image-description=\"\" data-image-caption=\"\" data-medium-file=\"https:\/\/www.taekwondo-ates.de\/wp-content\/uploads\/2019\/07\/1_IMG_8504-300x300.jpg\" data-large-file=\"https:\/\/www.taekwondo-ates.de\/wp-content\/uploads\/2019\/07\/1_IMG_8504-1024x1024.jpg\" \/><\/a>\n\t\t\t<\/dt><\/dl><dl class='gallery-item'>\n\t\t\t<dt class='gallery-icon landscape'>\n\t\t\t\t<a href='https:\/\/www.taekwondo-ates.de\/?attachment_id=2766'><img width=\"150\" height=\"150\" src=\"https:\/\/www.taekwondo-ates.de\/wp-content\/uploads\/2019\/07\/1_IMG_8505-150x150.jpg\" class=\"attachment-thumbnail size-thumbnail\" alt=\"\" decoding=\"async\" loading=\"lazy\" srcset=\"https:\/\/www.taekwondo-ates.de\/wp-content\/uploads\/2019\/07\/1_IMG_8505-150x150.jpg 150w, https:\/\/www.taekwondo-ates.de\/wp-content\/uploads\/2019\/07\/1_IMG_8505-300x300.jpg 300w, https:\/\/www.taekwondo-ates.de\/wp-content\/uploads\/2019\/07\/1_IMG_8505-1024x1024.jpg 1024w\" sizes=\"(max-width: 150px) 100vw, 150px\" data-attachment-id=\"2766\" data-permalink=\"https:\/\/www.taekwondo-ates.de\/?attachment_id=2766\" data-orig-file=\"https:\/\/www.taekwondo-ates.de\/wp-content\/uploads\/2019\/07\/1_IMG_8505.jpg\" data-orig-size=\"2447,2447\" data-comments-opened=\"0\" data-image-meta=\"{&quot;aperture&quot;:&quot;0&quot;,&quot;credit&quot;:&quot;&quot;,&quot;camera&quot;:&quot;&quot;,&quot;caption&quot;:&quot;&quot;,&quot;created_timestamp&quot;:&quot;0&quot;,&quot;copyright&quot;:&quot;&quot;,&quot;focal_length&quot;:&quot;0&quot;,&quot;iso&quot;:&quot;0&quot;,&quot;shutter_speed&quot;:&quot;0&quot;,&quot;title&quot;:&quot;&quot;}\" data-image-title=\"1_IMG_8505\" data-image-description=\"\" data-image-caption=\"\" data-medium-file=\"https:\/\/www.taekwondo-ates.de\/wp-content\/uploads\/2019\/07\/1_IMG_8505-300x300.jpg\" data-large-file=\"https:\/\/www.taekwondo-ates.de\/wp-content\/uploads\/2019\/07\/1_IMG_8505-1024x1024.jpg\" \/><\/a>\n\t\t\t<\/dt><\/dl><dl class='gallery-item'>\n\t\t\t<dt class='gallery-icon landscape'>\n\t\t\t\t<a href='https:\/\/www.taekwondo-ates.de\/?attachment_id=2767'><img width=\"150\" height=\"150\" src=\"https:\/\/www.taekwondo-ates.de\/wp-content\/uploads\/2019\/07\/1_IMG_8503-150x150.jpg\" class=\"attachment-thumbnail size-thumbnail\" alt=\"\" decoding=\"async\" loading=\"lazy\" srcset=\"https:\/\/www.taekwondo-ates.de\/wp-content\/uploads\/2019\/07\/1_IMG_8503-150x150.jpg 150w, https:\/\/www.taekwondo-ates.de\/wp-content\/uploads\/2019\/07\/1_IMG_8503-300x300.jpg 300w, https:\/\/www.taekwondo-ates.de\/wp-content\/uploads\/2019\/07\/1_IMG_8503-1024x1024.jpg 1024w\" sizes=\"(max-width: 150px) 100vw, 150px\" data-attachment-id=\"2767\" data-permalink=\"https:\/\/www.taekwondo-ates.de\/?attachment_id=2767\" data-orig-file=\"https:\/\/www.taekwondo-ates.de\/wp-content\/uploads\/2019\/07\/1_IMG_8503.jpg\" data-orig-size=\"2447,2447\" data-comments-opened=\"0\" data-image-meta=\"{&quot;aperture&quot;:&quot;0&quot;,&quot;credit&quot;:&quot;&quot;,&quot;camera&quot;:&quot;&quot;,&quot;caption&quot;:&quot;&quot;,&quot;created_timestamp&quot;:&quot;0&quot;,&quot;copyright&quot;:&quot;&quot;,&quot;focal_length&quot;:&quot;0&quot;,&quot;iso&quot;:&quot;0&quot;,&quot;shutter_speed&quot;:&quot;0&quot;,&quot;title&quot;:&quot;&quot;}\" data-image-title=\"1_IMG_8503\" data-image-description=\"\" data-image-caption=\"\" data-medium-file=\"https:\/\/www.taekwondo-ates.de\/wp-content\/uploads\/2019\/07\/1_IMG_8503-300x300.jpg\" data-large-file=\"https:\/\/www.taekwondo-ates.de\/wp-content\/uploads\/2019\/07\/1_IMG_8503-1024x1024.jpg\" \/><\/a>\n\t\t\t<\/dt><\/dl><br style=\"clear: both\" \/>\n\t\t<\/div>\n\n","protected":false},"excerpt":{"rendered":"<p>Taekwondo\u00a0Ates\u00a0f\u00fchrte am letzten Freitag eine G\u00fcrtelpr\u00fcfung in Offenburg durch. Insgesamt\u00a0ca. 30\u00a0Pr\u00fcflinge stellten sich den\u00a0Pr\u00fcfungsanforderungen, die ihrer jeweiligen Graduierung abverlangt werden. 4 Kinder absolvierten\u00a0ihre erste G\u00fcrtelpr\u00fcfung souver\u00e4n. Dank guter Vorbereitung konnten\u00a0alle\u00a0Teilnehmer bestehen und erreichten somit denn n\u00e4chst h\u00f6heren G\u00fcrtel. Vorne von &hellip; <a href=\"https:\/\/www.taekwondo-ates.de\/?p=2761\">Weiterlesen <span class=\"meta-nav\">&rarr;<\/span><\/a><\/p>\n","protected":false},"author":1,"featured_media":0,"comment_status":"closed","ping_status":"closed","sticky":false,"template":"","format":"standard","meta":{"ngg_post_thumbnail":0,"jetpack_post_was_ever_published":false},"categories":[1,4],"tags":[],"jetpack_featured_media_url":"","jetpack_shortlink":"https:\/\/wp.me\/p214aU-Ix","jetpack_sharing_enabled":true,"_links":{"self":[{"href":"https:\/\/www.taekwondo-ates.de\/index.php?rest_route=\/wp\/v2\/posts\/2761"}],"collection":[{"href":"https:\/\/www.taekwondo-ates.de\/index.php?rest_route=\/wp\/v2\/posts"}],"about":[{"href":"https:\/\/www.taekwondo-ates.de\/index.php?rest_route=\/wp\/v2\/types\/post"}],"author":[{"embeddable":true,"href":"https:\/\/www.taekwondo-ates.de\/index.php?rest_route=\/wp\/v2\/users\/1"}],"replies":[{"embeddable":true,"href":"https:\/\/www.taekwondo-ates.de\/index.php?rest_route=%2Fwp%2Fv2%2Fcomments&post=2761"}],"version-history":[{"count":3,"href":"https:\/\/www.taekwondo-ates.de\/index.php?rest_route=\/wp\/v2\/posts\/2761\/revisions"}],"predecessor-version":[{"id":2764,"href":"https:\/\/www.taekwondo-ates.de\/index.php?rest_route=\/wp\/v2\/posts\/2761\/revisions\/2764"}],"wp:attachment":[{"href":"https:\/\/www.taekwondo-ates.de\/index.php?rest_route=%2Fwp%2Fv2%2Fmedia&parent=2761"}],"wp:term":[{"taxonomy":"category","embeddable":true,"href":"https:\/\/www.taekwondo-ates.de\/index.php?rest_route=%2Fwp%2Fv2%2Fcategories&post=2761"},{"taxonomy":"post_tag","embeddable":true,"href":"https:\/\/www.taekwondo-ates.de\/index.php?rest_route=%2Fwp%2Fv2%2Ftags&post=2761"}],"curies":[{"name":"wp","href":"https:\/\/api.w.org\/{rel}","templated":true}]}}