{"id":2757,"date":"2019-07-13T19:26:54","date_gmt":"2019-07-13T18:26:54","guid":{"rendered":"http:\/\/www.taekwondo-ates.de\/?p=2757"},"modified":"2019-07-13T19:27:20","modified_gmt":"2019-07-13T18:27:20","slug":"schwarzgurt-prufung-06-07-19-in-karlsruhe","status":"publish","type":"post","link":"https:\/\/www.taekwondo-ates.de\/?p=2757","title":{"rendered":"Schwarzgurt-Pr\u00fcfung 06.07.19 in Karlsruhe"},"content":{"rendered":"<p><a href=\"http:\/\/www.taekwondo-ates.de\/wp-content\/uploads\/2019\/07\/IMG_8516.jpg\"><img data-attachment-id=\"2758\" data-permalink=\"https:\/\/www.taekwondo-ates.de\/?attachment_id=2758\" data-orig-file=\"https:\/\/www.taekwondo-ates.de\/wp-content\/uploads\/2019\/07\/IMG_8516.jpg\" data-orig-size=\"900,1600\" data-comments-opened=\"0\" data-image-meta=\"{&quot;aperture&quot;:&quot;0&quot;,&quot;credit&quot;:&quot;&quot;,&quot;camera&quot;:&quot;&quot;,&quot;caption&quot;:&quot;&quot;,&quot;created_timestamp&quot;:&quot;0&quot;,&quot;copyright&quot;:&quot;&quot;,&quot;focal_length&quot;:&quot;0&quot;,&quot;iso&quot;:&quot;0&quot;,&quot;shutter_speed&quot;:&quot;0&quot;,&quot;title&quot;:&quot;&quot;}\" data-image-title=\"IMG_8516\" data-image-description=\"\" data-image-caption=\"\" data-medium-file=\"https:\/\/www.taekwondo-ates.de\/wp-content\/uploads\/2019\/07\/IMG_8516-168x300.jpg\" data-large-file=\"https:\/\/www.taekwondo-ates.de\/wp-content\/uploads\/2019\/07\/IMG_8516-576x1024.jpg\" decoding=\"async\" loading=\"lazy\" class=\"alignleft size-medium wp-image-2758\" alt=\"IMG_8516\" src=\"http:\/\/www.taekwondo-ates.de\/wp-content\/uploads\/2019\/07\/IMG_8516-168x300.jpg\" width=\"168\" height=\"300\" srcset=\"https:\/\/www.taekwondo-ates.de\/wp-content\/uploads\/2019\/07\/IMG_8516-168x300.jpg 168w, https:\/\/www.taekwondo-ates.de\/wp-content\/uploads\/2019\/07\/IMG_8516-576x1024.jpg 576w, https:\/\/www.taekwondo-ates.de\/wp-content\/uploads\/2019\/07\/IMG_8516.jpg 900w\" sizes=\"(max-width: 168px) 100vw, 168px\" \/><\/a>Ein\u00a0weiterer\u00a0Schwarzgurt-Tr\u00e4ger beim Taekwondo\u00a0Ates\u00a0e.V.<br \/>\nAm\u00a0Samstag, 06.07.19\u00a0konnte Finn K\u00f6ster von Taekwondo\u00a0Ates\u00a0die drei Pr\u00fcfer von seiner Leistung bei der Schwarzgurt-Pr\u00fcfung in Karlsruhe \u00fcberzeugen und bestand<\/p>\n<p>erfolgreich die Schwarzgurt-Pr\u00fcfung.\u00a0Er\u00a0bekam von Gro\u00dfmeister und Pr\u00e4sident der Taekwondo Union Baden-W\u00fcrttemberg Herrn Wolfgang Br\u00fcckel 9.Dan, die begehrte Pr\u00fcfungsurkunde zum Schwarzgurt \u00fcberreicht.\u00a0Herzlichen Gl\u00fcckwunsch!<a href=\"http:\/\/www.taekwondo-ates.de\/wp-content\/uploads\/2019\/07\/IMG_8516.jpg\"><br \/>\n<\/a><\/p>\n","protected":false},"excerpt":{"rendered":"<p>Ein\u00a0weiterer\u00a0Schwarzgurt-Tr\u00e4ger beim Taekwondo\u00a0Ates\u00a0e.V. Am\u00a0Samstag, 06.07.19\u00a0konnte Finn K\u00f6ster von Taekwondo\u00a0Ates\u00a0die drei Pr\u00fcfer von seiner Leistung bei der Schwarzgurt-Pr\u00fcfung in Karlsruhe \u00fcberzeugen und bestand erfolgreich die Schwarzgurt-Pr\u00fcfung.\u00a0Er\u00a0bekam von Gro\u00dfmeister und Pr\u00e4sident der Taekwondo Union Baden-W\u00fcrttemberg Herrn Wolfgang Br\u00fcckel 9.Dan, die begehrte Pr\u00fcfungsurkunde &hellip; <a href=\"https:\/\/www.taekwondo-ates.de\/?p=2757\">Weiterlesen <span class=\"meta-nav\">&rarr;<\/span><\/a><\/p>\n","protected":false},"author":1,"featured_media":0,"comment_status":"closed","ping_status":"closed","sticky":false,"template":"","format":"standard","meta":{"ngg_post_thumbnail":0,"jetpack_post_was_ever_published":false},"categories":[1,4],"tags":[],"jetpack_featured_media_url":"","jetpack_shortlink":"https:\/\/wp.me\/p214aU-It","jetpack_sharing_enabled":true,"_links":{"self":[{"href":"https:\/\/www.taekwondo-ates.de\/index.php?rest_route=\/wp\/v2\/posts\/2757"}],"collection":[{"href":"https:\/\/www.taekwondo-ates.de\/index.php?rest_route=\/wp\/v2\/posts"}],"about":[{"href":"https:\/\/www.taekwondo-ates.de\/index.php?rest_route=\/wp\/v2\/types\/post"}],"author":[{"embeddable":true,"href":"https:\/\/www.taekwondo-ates.de\/index.php?rest_route=\/wp\/v2\/users\/1"}],"replies":[{"embeddable":true,"href":"https:\/\/www.taekwondo-ates.de\/index.php?rest_route=%2Fwp%2Fv2%2Fcomments&post=2757"}],"version-history":[{"count":2,"href":"https:\/\/www.taekwondo-ates.de\/index.php?rest_route=\/wp\/v2\/posts\/2757\/revisions"}],"predecessor-version":[{"id":2760,"href":"https:\/\/www.taekwondo-ates.de\/index.php?rest_route=\/wp\/v2\/posts\/2757\/revisions\/2760"}],"wp:attachment":[{"href":"https:\/\/www.taekwondo-ates.de\/index.php?rest_route=%2Fwp%2Fv2%2Fmedia&parent=2757"}],"wp:term":[{"taxonomy":"category","embeddable":true,"href":"https:\/\/www.taekwondo-ates.de\/index.php?rest_route=%2Fwp%2Fv2%2Fcategories&post=2757"},{"taxonomy":"post_tag","embeddable":true,"href":"https:\/\/www.taekwondo-ates.de\/index.php?rest_route=%2Fwp%2Fv2%2Ftags&post=2757"}],"curies":[{"name":"wp","href":"https:\/\/api.w.org\/{rel}","templated":true}]}}