{"id":2751,"date":"2019-07-13T19:23:18","date_gmt":"2019-07-13T18:23:18","guid":{"rendered":"http:\/\/www.taekwondo-ates.de\/?p=2751"},"modified":"2019-07-13T19:23:18","modified_gmt":"2019-07-13T18:23:18","slug":"bavaria-open-29-06-19","status":"publish","type":"post","link":"https:\/\/www.taekwondo-ates.de\/?p=2751","title":{"rendered":"Bavaria Open 29.06.19"},"content":{"rendered":"<div id=\"attachment_2752\" style=\"width: 310px\" class=\"wp-caption alignleft\"><a href=\"http:\/\/www.taekwondo-ates.de\/wp-content\/uploads\/2019\/07\/9ebdcf6b-8d13-43a2-b7ee-89ca9d6c54cb.jpg\"><img aria-describedby=\"caption-attachment-2752\" data-attachment-id=\"2752\" data-permalink=\"https:\/\/www.taekwondo-ates.de\/?attachment_id=2752\" data-orig-file=\"https:\/\/www.taekwondo-ates.de\/wp-content\/uploads\/2019\/07\/9ebdcf6b-8d13-43a2-b7ee-89ca9d6c54cb.jpg\" data-orig-size=\"1009,725\" data-comments-opened=\"0\" data-image-meta=\"{&quot;aperture&quot;:&quot;0&quot;,&quot;credit&quot;:&quot;&quot;,&quot;camera&quot;:&quot;&quot;,&quot;caption&quot;:&quot;&quot;,&quot;created_timestamp&quot;:&quot;0&quot;,&quot;copyright&quot;:&quot;&quot;,&quot;focal_length&quot;:&quot;0&quot;,&quot;iso&quot;:&quot;0&quot;,&quot;shutter_speed&quot;:&quot;0&quot;,&quot;title&quot;:&quot;&quot;}\" data-image-title=\"9ebdcf6b-8d13-43a2-b7ee-89ca9d6c54cb\" data-image-description=\"\" data-image-caption=\"&lt;p&gt;Tim Seegers (rechts) in Aktion&lt;\/p&gt;\n\" data-medium-file=\"https:\/\/www.taekwondo-ates.de\/wp-content\/uploads\/2019\/07\/9ebdcf6b-8d13-43a2-b7ee-89ca9d6c54cb-300x215.jpg\" data-large-file=\"https:\/\/www.taekwondo-ates.de\/wp-content\/uploads\/2019\/07\/9ebdcf6b-8d13-43a2-b7ee-89ca9d6c54cb.jpg\" decoding=\"async\" loading=\"lazy\" class=\"size-medium wp-image-2752\" alt=\"Tim Seegers (rechts) in Aktion\" src=\"http:\/\/www.taekwondo-ates.de\/wp-content\/uploads\/2019\/07\/9ebdcf6b-8d13-43a2-b7ee-89ca9d6c54cb-300x215.jpg\" width=\"300\" height=\"215\" srcset=\"https:\/\/www.taekwondo-ates.de\/wp-content\/uploads\/2019\/07\/9ebdcf6b-8d13-43a2-b7ee-89ca9d6c54cb-300x215.jpg 300w, https:\/\/www.taekwondo-ates.de\/wp-content\/uploads\/2019\/07\/9ebdcf6b-8d13-43a2-b7ee-89ca9d6c54cb-417x300.jpg 417w, https:\/\/www.taekwondo-ates.de\/wp-content\/uploads\/2019\/07\/9ebdcf6b-8d13-43a2-b7ee-89ca9d6c54cb.jpg 1009w\" sizes=\"(max-width: 300px) 100vw, 300px\" \/><\/a><p id=\"caption-attachment-2752\" class=\"wp-caption-text\">Tim Seegers (rechts) in Aktion<\/p><\/div>\n<p>Bei dem Bundesranglistenturnier dem Bavaria Open in N\u00fcrnberg konnte Tim Seegers seine beiden Vork\u00e4mpfe f\u00fcr sich entscheiden. Im Finale gewann er dann souver\u00e4n deutlich nach Punkten mit 16:3\u00a0und sicherte sich somit zum 2. Mal in Folge den Sieg in Bayern.<\/p>\n","protected":false},"excerpt":{"rendered":"<p>Bei dem Bundesranglistenturnier dem Bavaria Open in N\u00fcrnberg konnte Tim Seegers seine beiden Vork\u00e4mpfe f\u00fcr sich entscheiden. Im Finale gewann er dann souver\u00e4n deutlich nach Punkten mit 16:3\u00a0und sicherte sich somit zum 2. Mal in Folge den Sieg in Bayern.<\/p>\n","protected":false},"author":1,"featured_media":0,"comment_status":"closed","ping_status":"closed","sticky":false,"template":"","format":"standard","meta":{"ngg_post_thumbnail":0,"jetpack_post_was_ever_published":false},"categories":[4],"tags":[],"jetpack_featured_media_url":"","jetpack_shortlink":"https:\/\/wp.me\/p214aU-In","jetpack_sharing_enabled":true,"_links":{"self":[{"href":"https:\/\/www.taekwondo-ates.de\/index.php?rest_route=\/wp\/v2\/posts\/2751"}],"collection":[{"href":"https:\/\/www.taekwondo-ates.de\/index.php?rest_route=\/wp\/v2\/posts"}],"about":[{"href":"https:\/\/www.taekwondo-ates.de\/index.php?rest_route=\/wp\/v2\/types\/post"}],"author":[{"embeddable":true,"href":"https:\/\/www.taekwondo-ates.de\/index.php?rest_route=\/wp\/v2\/users\/1"}],"replies":[{"embeddable":true,"href":"https:\/\/www.taekwondo-ates.de\/index.php?rest_route=%2Fwp%2Fv2%2Fcomments&post=2751"}],"version-history":[{"count":1,"href":"https:\/\/www.taekwondo-ates.de\/index.php?rest_route=\/wp\/v2\/posts\/2751\/revisions"}],"predecessor-version":[{"id":2753,"href":"https:\/\/www.taekwondo-ates.de\/index.php?rest_route=\/wp\/v2\/posts\/2751\/revisions\/2753"}],"wp:attachment":[{"href":"https:\/\/www.taekwondo-ates.de\/index.php?rest_route=%2Fwp%2Fv2%2Fmedia&parent=2751"}],"wp:term":[{"taxonomy":"category","embeddable":true,"href":"https:\/\/www.taekwondo-ates.de\/index.php?rest_route=%2Fwp%2Fv2%2Fcategories&post=2751"},{"taxonomy":"post_tag","embeddable":true,"href":"https:\/\/www.taekwondo-ates.de\/index.php?rest_route=%2Fwp%2Fv2%2Ftags&post=2751"}],"curies":[{"name":"wp","href":"https:\/\/api.w.org\/{rel}","templated":true}]}}