{"id":2679,"date":"2019-03-24T19:50:32","date_gmt":"2019-03-24T18:50:32","guid":{"rendered":"http:\/\/www.taekwondo-ates.de\/?p=2679"},"modified":"2019-03-24T19:50:32","modified_gmt":"2019-03-24T18:50:32","slug":"taekwondo-gurtelprufung-15-03-19-offenburg","status":"publish","type":"post","link":"https:\/\/www.taekwondo-ates.de\/?p=2679","title":{"rendered":"Taekwondo G\u00fcrtelpr\u00fcfung 15.03.19 Offenburg"},"content":{"rendered":"<p>Die Sch\u00fcler\u00a0stellten sich\u00a0am Freitag, 15.03.\u00a0den\u00a0Pr\u00fcfungsanforderungen, die ihrer jeweiligen Graduierung abverlangt werden.<br \/>\nDank guter Vorbereitung konnten\u00a0alle\u00a0Teilnehmer bestehen und erreichten somit denn n\u00e4chst h\u00f6heren G\u00fcrtel.<br \/>\n8\u00a0Kinder absolvierten\u00a0ihre erste G\u00fcrtelpr\u00fcfung souver\u00e4n.<\/p>\n<p><a href=\"http:\/\/www.taekwondo-ates.de\/wp-content\/uploads\/2019\/03\/Guertelpruefung_01.jpg\"><img data-attachment-id=\"2680\" data-permalink=\"https:\/\/www.taekwondo-ates.de\/?attachment_id=2680\" data-orig-file=\"https:\/\/www.taekwondo-ates.de\/wp-content\/uploads\/2019\/03\/Guertelpruefung_01.jpg\" data-orig-size=\"800,1067\" data-comments-opened=\"0\" data-image-meta=\"{&quot;aperture&quot;:&quot;0&quot;,&quot;credit&quot;:&quot;&quot;,&quot;camera&quot;:&quot;&quot;,&quot;caption&quot;:&quot;&quot;,&quot;created_timestamp&quot;:&quot;0&quot;,&quot;copyright&quot;:&quot;&quot;,&quot;focal_length&quot;:&quot;0&quot;,&quot;iso&quot;:&quot;0&quot;,&quot;shutter_speed&quot;:&quot;0&quot;,&quot;title&quot;:&quot;&quot;}\" data-image-title=\"Guertelpruefung_01\" data-image-description=\"\" data-image-caption=\"\" data-medium-file=\"https:\/\/www.taekwondo-ates.de\/wp-content\/uploads\/2019\/03\/Guertelpruefung_01-224x300.jpg\" data-large-file=\"https:\/\/www.taekwondo-ates.de\/wp-content\/uploads\/2019\/03\/Guertelpruefung_01-767x1024.jpg\" decoding=\"async\" loading=\"lazy\" class=\"aligncenter size-large wp-image-2680\" alt=\"Guertelpruefung_01\" src=\"http:\/\/www.taekwondo-ates.de\/wp-content\/uploads\/2019\/03\/Guertelpruefung_01-767x1024.jpg\" width=\"584\" height=\"779\" srcset=\"https:\/\/www.taekwondo-ates.de\/wp-content\/uploads\/2019\/03\/Guertelpruefung_01-767x1024.jpg 767w, https:\/\/www.taekwondo-ates.de\/wp-content\/uploads\/2019\/03\/Guertelpruefung_01-224x300.jpg 224w, https:\/\/www.taekwondo-ates.de\/wp-content\/uploads\/2019\/03\/Guertelpruefung_01.jpg 800w\" sizes=\"(max-width: 584px) 100vw, 584px\" \/><\/a><\/p>\n<p><span style=\"text-decoration: underline;\">Vorne von links<br \/>\n<\/span>Roman Konstantinow, Kilian Konstantinow, Emiray Kefal, Adrian Schlieder, Alex Roswich<\/p>\n<p><span style=\"text-decoration: underline;\">Hinten von links<br \/>\n<\/span>Johnny Reiswich, Emilia Rusin, Dennis Reiswich<\/p>\n\n\t\t<style type=\"text\/css\">\n\t\t\t#gallery-1 {\n\t\t\t\tmargin: auto;\n\t\t\t}\n\t\t\t#gallery-1 .gallery-item {\n\t\t\t\tfloat: left;\n\t\t\t\tmargin-top: 10px;\n\t\t\t\ttext-align: center;\n\t\t\t\twidth: 50%;\n\t\t\t}\n\t\t\t#gallery-1 img {\n\t\t\t\tborder: 2px solid #cfcfcf;\n\t\t\t}\n\t\t\t#gallery-1 .gallery-caption {\n\t\t\t\tmargin-left: 0;\n\t\t\t}\n\t\t\t\/* see gallery_shortcode() in wp-includes\/media.php *\/\n\t\t<\/style>\n\t\t<div data-carousel-extra='{\"blog_id\":1,\"permalink\":\"https:\\\/\\\/www.taekwondo-ates.de\\\/?p=2679\"}' id='gallery-1' class='gallery galleryid-2679 gallery-columns-2 gallery-size-thumbnail'><dl class='gallery-item'>\n\t\t\t<dt class='gallery-icon landscape'>\n\t\t\t\t<a href='https:\/\/www.taekwondo-ates.de\/?attachment_id=2684'><img width=\"150\" height=\"150\" src=\"https:\/\/www.taekwondo-ates.de\/wp-content\/uploads\/2019\/03\/Guertelpruefung_05-150x150.jpg\" class=\"attachment-thumbnail size-thumbnail\" alt=\"\" decoding=\"async\" loading=\"lazy\" data-attachment-id=\"2684\" data-permalink=\"https:\/\/www.taekwondo-ates.de\/?attachment_id=2684\" data-orig-file=\"https:\/\/www.taekwondo-ates.de\/wp-content\/uploads\/2019\/03\/Guertelpruefung_05.jpg\" data-orig-size=\"800,600\" data-comments-opened=\"0\" data-image-meta=\"{&quot;aperture&quot;:&quot;0&quot;,&quot;credit&quot;:&quot;&quot;,&quot;camera&quot;:&quot;&quot;,&quot;caption&quot;:&quot;&quot;,&quot;created_timestamp&quot;:&quot;0&quot;,&quot;copyright&quot;:&quot;&quot;,&quot;focal_length&quot;:&quot;0&quot;,&quot;iso&quot;:&quot;0&quot;,&quot;shutter_speed&quot;:&quot;0&quot;,&quot;title&quot;:&quot;&quot;}\" data-image-title=\"Guertelpruefung_05\" data-image-description=\"\" data-image-caption=\"\" data-medium-file=\"https:\/\/www.taekwondo-ates.de\/wp-content\/uploads\/2019\/03\/Guertelpruefung_05-300x225.jpg\" data-large-file=\"https:\/\/www.taekwondo-ates.de\/wp-content\/uploads\/2019\/03\/Guertelpruefung_05.jpg\" \/><\/a>\n\t\t\t<\/dt><\/dl><dl class='gallery-item'>\n\t\t\t<dt class='gallery-icon portrait'>\n\t\t\t\t<a href='https:\/\/www.taekwondo-ates.de\/?attachment_id=2683'><img width=\"150\" height=\"150\" src=\"https:\/\/www.taekwondo-ates.de\/wp-content\/uploads\/2019\/03\/Guertelpruefung_04-150x150.jpg\" class=\"attachment-thumbnail size-thumbnail\" alt=\"\" decoding=\"async\" loading=\"lazy\" data-attachment-id=\"2683\" data-permalink=\"https:\/\/www.taekwondo-ates.de\/?attachment_id=2683\" data-orig-file=\"https:\/\/www.taekwondo-ates.de\/wp-content\/uploads\/2019\/03\/Guertelpruefung_04.jpg\" data-orig-size=\"800,1067\" data-comments-opened=\"0\" data-image-meta=\"{&quot;aperture&quot;:&quot;0&quot;,&quot;credit&quot;:&quot;&quot;,&quot;camera&quot;:&quot;&quot;,&quot;caption&quot;:&quot;&quot;,&quot;created_timestamp&quot;:&quot;0&quot;,&quot;copyright&quot;:&quot;&quot;,&quot;focal_length&quot;:&quot;0&quot;,&quot;iso&quot;:&quot;0&quot;,&quot;shutter_speed&quot;:&quot;0&quot;,&quot;title&quot;:&quot;&quot;}\" data-image-title=\"Guertelpruefung_04\" data-image-description=\"\" data-image-caption=\"\" data-medium-file=\"https:\/\/www.taekwondo-ates.de\/wp-content\/uploads\/2019\/03\/Guertelpruefung_04-224x300.jpg\" data-large-file=\"https:\/\/www.taekwondo-ates.de\/wp-content\/uploads\/2019\/03\/Guertelpruefung_04-767x1024.jpg\" \/><\/a>\n\t\t\t<\/dt><\/dl><br style=\"clear: both\" \/><dl class='gallery-item'>\n\t\t\t<dt class='gallery-icon landscape'>\n\t\t\t\t<a href='https:\/\/www.taekwondo-ates.de\/?attachment_id=2682'><img width=\"150\" height=\"150\" src=\"https:\/\/www.taekwondo-ates.de\/wp-content\/uploads\/2019\/03\/Guertelpruefung_03-150x150.jpg\" class=\"attachment-thumbnail size-thumbnail\" alt=\"\" decoding=\"async\" loading=\"lazy\" srcset=\"https:\/\/www.taekwondo-ates.de\/wp-content\/uploads\/2019\/03\/Guertelpruefung_03-150x150.jpg 150w, https:\/\/www.taekwondo-ates.de\/wp-content\/uploads\/2019\/03\/Guertelpruefung_03-300x300.jpg 300w, https:\/\/www.taekwondo-ates.de\/wp-content\/uploads\/2019\/03\/Guertelpruefung_03.jpg 800w\" sizes=\"(max-width: 150px) 100vw, 150px\" data-attachment-id=\"2682\" data-permalink=\"https:\/\/www.taekwondo-ates.de\/?attachment_id=2682\" data-orig-file=\"https:\/\/www.taekwondo-ates.de\/wp-content\/uploads\/2019\/03\/Guertelpruefung_03.jpg\" data-orig-size=\"800,800\" data-comments-opened=\"0\" data-image-meta=\"{&quot;aperture&quot;:&quot;0&quot;,&quot;credit&quot;:&quot;&quot;,&quot;camera&quot;:&quot;&quot;,&quot;caption&quot;:&quot;&quot;,&quot;created_timestamp&quot;:&quot;0&quot;,&quot;copyright&quot;:&quot;&quot;,&quot;focal_length&quot;:&quot;0&quot;,&quot;iso&quot;:&quot;0&quot;,&quot;shutter_speed&quot;:&quot;0&quot;,&quot;title&quot;:&quot;&quot;}\" data-image-title=\"Guertelpruefung_03\" data-image-description=\"\" data-image-caption=\"\" data-medium-file=\"https:\/\/www.taekwondo-ates.de\/wp-content\/uploads\/2019\/03\/Guertelpruefung_03-300x300.jpg\" data-large-file=\"https:\/\/www.taekwondo-ates.de\/wp-content\/uploads\/2019\/03\/Guertelpruefung_03.jpg\" \/><\/a>\n\t\t\t<\/dt><\/dl><dl class='gallery-item'>\n\t\t\t<dt class='gallery-icon portrait'>\n\t\t\t\t<a href='https:\/\/www.taekwondo-ates.de\/?attachment_id=2681'><img width=\"150\" height=\"150\" src=\"https:\/\/www.taekwondo-ates.de\/wp-content\/uploads\/2019\/03\/Guertelpruefung_02-150x150.jpg\" class=\"attachment-thumbnail size-thumbnail\" alt=\"\" decoding=\"async\" loading=\"lazy\" data-attachment-id=\"2681\" data-permalink=\"https:\/\/www.taekwondo-ates.de\/?attachment_id=2681\" data-orig-file=\"https:\/\/www.taekwondo-ates.de\/wp-content\/uploads\/2019\/03\/Guertelpruefung_02.jpg\" data-orig-size=\"800,1067\" data-comments-opened=\"0\" data-image-meta=\"{&quot;aperture&quot;:&quot;0&quot;,&quot;credit&quot;:&quot;&quot;,&quot;camera&quot;:&quot;&quot;,&quot;caption&quot;:&quot;&quot;,&quot;created_timestamp&quot;:&quot;0&quot;,&quot;copyright&quot;:&quot;&quot;,&quot;focal_length&quot;:&quot;0&quot;,&quot;iso&quot;:&quot;0&quot;,&quot;shutter_speed&quot;:&quot;0&quot;,&quot;title&quot;:&quot;&quot;}\" data-image-title=\"Guertelpruefung_02\" data-image-description=\"\" data-image-caption=\"\" data-medium-file=\"https:\/\/www.taekwondo-ates.de\/wp-content\/uploads\/2019\/03\/Guertelpruefung_02-224x300.jpg\" data-large-file=\"https:\/\/www.taekwondo-ates.de\/wp-content\/uploads\/2019\/03\/Guertelpruefung_02-767x1024.jpg\" \/><\/a>\n\t\t\t<\/dt><\/dl><br style=\"clear: both\" \/>\n\t\t<\/div>\n\n","protected":false},"excerpt":{"rendered":"<p>Die Sch\u00fcler\u00a0stellten sich\u00a0am Freitag, 15.03.\u00a0den\u00a0Pr\u00fcfungsanforderungen, die ihrer jeweiligen Graduierung abverlangt werden. Dank guter Vorbereitung konnten\u00a0alle\u00a0Teilnehmer bestehen und erreichten somit denn n\u00e4chst h\u00f6heren G\u00fcrtel. 8\u00a0Kinder absolvierten\u00a0ihre erste G\u00fcrtelpr\u00fcfung souver\u00e4n. Vorne von links Roman Konstantinow, Kilian Konstantinow, Emiray Kefal, Adrian Schlieder, Alex &hellip; <a href=\"https:\/\/www.taekwondo-ates.de\/?p=2679\">Weiterlesen <span class=\"meta-nav\">&rarr;<\/span><\/a><\/p>\n","protected":false},"author":1,"featured_media":0,"comment_status":"closed","ping_status":"closed","sticky":false,"template":"","format":"standard","meta":{"ngg_post_thumbnail":0,"jetpack_post_was_ever_published":false},"categories":[4],"tags":[14],"jetpack_featured_media_url":"","jetpack_shortlink":"https:\/\/wp.me\/p214aU-Hd","jetpack_sharing_enabled":true,"_links":{"self":[{"href":"https:\/\/www.taekwondo-ates.de\/index.php?rest_route=\/wp\/v2\/posts\/2679"}],"collection":[{"href":"https:\/\/www.taekwondo-ates.de\/index.php?rest_route=\/wp\/v2\/posts"}],"about":[{"href":"https:\/\/www.taekwondo-ates.de\/index.php?rest_route=\/wp\/v2\/types\/post"}],"author":[{"embeddable":true,"href":"https:\/\/www.taekwondo-ates.de\/index.php?rest_route=\/wp\/v2\/users\/1"}],"replies":[{"embeddable":true,"href":"https:\/\/www.taekwondo-ates.de\/index.php?rest_route=%2Fwp%2Fv2%2Fcomments&post=2679"}],"version-history":[{"count":1,"href":"https:\/\/www.taekwondo-ates.de\/index.php?rest_route=\/wp\/v2\/posts\/2679\/revisions"}],"predecessor-version":[{"id":2696,"href":"https:\/\/www.taekwondo-ates.de\/index.php?rest_route=\/wp\/v2\/posts\/2679\/revisions\/2696"}],"wp:attachment":[{"href":"https:\/\/www.taekwondo-ates.de\/index.php?rest_route=%2Fwp%2Fv2%2Fmedia&parent=2679"}],"wp:term":[{"taxonomy":"category","embeddable":true,"href":"https:\/\/www.taekwondo-ates.de\/index.php?rest_route=%2Fwp%2Fv2%2Fcategories&post=2679"},{"taxonomy":"post_tag","embeddable":true,"href":"https:\/\/www.taekwondo-ates.de\/index.php?rest_route=%2Fwp%2Fv2%2Ftags&post=2679"}],"curies":[{"name":"wp","href":"https:\/\/api.w.org\/{rel}","templated":true}]}}