{"id":1816,"date":"2015-11-23T22:16:37","date_gmt":"2015-11-23T21:16:37","guid":{"rendered":"http:\/\/www.taekwondo-ates.de\/?p=1816"},"modified":"2015-11-23T22:16:37","modified_gmt":"2015-11-23T21:16:37","slug":"internationaler-neckar-pokal-21-11-2015","status":"publish","type":"post","link":"https:\/\/www.taekwondo-ates.de\/?p=1816","title":{"rendered":"Internationaler Neckar Pokal 21.11.2015"},"content":{"rendered":"<p style=\"text-align: justify;\"><a href=\"http:\/\/www.taekwondo-ates.de\/wp-content\/uploads\/2015\/11\/IMG-20151121-WA0000.jpg\"><img data-attachment-id=\"1817\" data-permalink=\"https:\/\/www.taekwondo-ates.de\/?attachment_id=1817\" data-orig-file=\"https:\/\/www.taekwondo-ates.de\/wp-content\/uploads\/2015\/11\/IMG-20151121-WA0000.jpg\" data-orig-size=\"1600,1200\" data-comments-opened=\"0\" data-image-meta=\"{&quot;aperture&quot;:&quot;0&quot;,&quot;credit&quot;:&quot;&quot;,&quot;camera&quot;:&quot;&quot;,&quot;caption&quot;:&quot;&quot;,&quot;created_timestamp&quot;:&quot;0&quot;,&quot;copyright&quot;:&quot;&quot;,&quot;focal_length&quot;:&quot;0&quot;,&quot;iso&quot;:&quot;0&quot;,&quot;shutter_speed&quot;:&quot;0&quot;,&quot;title&quot;:&quot;&quot;}\" data-image-title=\"IMG-20151121-WA0000\" data-image-description=\"\" data-image-caption=\"\" data-medium-file=\"https:\/\/www.taekwondo-ates.de\/wp-content\/uploads\/2015\/11\/IMG-20151121-WA0000-300x225.jpg\" data-large-file=\"https:\/\/www.taekwondo-ates.de\/wp-content\/uploads\/2015\/11\/IMG-20151121-WA0000-1024x768.jpg\" decoding=\"async\" loading=\"lazy\" class=\"alignleft size-medium wp-image-1817\" alt=\"IMG-20151121-WA0000\" src=\"http:\/\/www.taekwondo-ates.de\/wp-content\/uploads\/2015\/11\/IMG-20151121-WA0000-300x225.jpg\" width=\"300\" height=\"225\" srcset=\"https:\/\/www.taekwondo-ates.de\/wp-content\/uploads\/2015\/11\/IMG-20151121-WA0000-300x225.jpg 300w, https:\/\/www.taekwondo-ates.de\/wp-content\/uploads\/2015\/11\/IMG-20151121-WA0000-1024x768.jpg 1024w, https:\/\/www.taekwondo-ates.de\/wp-content\/uploads\/2015\/11\/IMG-20151121-WA0000-400x300.jpg 400w, https:\/\/www.taekwondo-ates.de\/wp-content\/uploads\/2015\/11\/IMG-20151121-WA0000.jpg 1600w\" sizes=\"(max-width: 300px) 100vw, 300px\" \/><\/a>Beim allj\u00e4hrlichen Internationalen Neckar Pokalturnier\u00a0erk\u00e4mpften alle drei Teilnehmer Tim Seegers, \u00a0Devin und Leon Schulz souver\u00e4n die Goldmedaille.<\/p>\n<p style=\"text-align: justify;\">Trainer Aydin Ates und Atila G\u00fcld\u00fcren freuen sich \u00fcber diesen Erfolg.<\/p>\n<p style=\"text-align: justify;\">Herzlichen Gl\u00fcckwunsch!<\/p>\n","protected":false},"excerpt":{"rendered":"<p>Beim allj\u00e4hrlichen Internationalen Neckar Pokalturnier\u00a0erk\u00e4mpften alle drei Teilnehmer Tim Seegers, \u00a0Devin und Leon Schulz souver\u00e4n die Goldmedaille. Trainer Aydin Ates und Atila G\u00fcld\u00fcren freuen sich \u00fcber diesen Erfolg. Herzlichen Gl\u00fcckwunsch!<\/p>\n","protected":false},"author":1,"featured_media":0,"comment_status":"closed","ping_status":"closed","sticky":false,"template":"","format":"standard","meta":{"ngg_post_thumbnail":0,"jetpack_post_was_ever_published":false},"categories":[4],"tags":[121],"jetpack_featured_media_url":"","jetpack_shortlink":"https:\/\/wp.me\/p214aU-ti","jetpack_sharing_enabled":true,"_links":{"self":[{"href":"https:\/\/www.taekwondo-ates.de\/index.php?rest_route=\/wp\/v2\/posts\/1816"}],"collection":[{"href":"https:\/\/www.taekwondo-ates.de\/index.php?rest_route=\/wp\/v2\/posts"}],"about":[{"href":"https:\/\/www.taekwondo-ates.de\/index.php?rest_route=\/wp\/v2\/types\/post"}],"author":[{"embeddable":true,"href":"https:\/\/www.taekwondo-ates.de\/index.php?rest_route=\/wp\/v2\/users\/1"}],"replies":[{"embeddable":true,"href":"https:\/\/www.taekwondo-ates.de\/index.php?rest_route=%2Fwp%2Fv2%2Fcomments&post=1816"}],"version-history":[{"count":1,"href":"https:\/\/www.taekwondo-ates.de\/index.php?rest_route=\/wp\/v2\/posts\/1816\/revisions"}],"predecessor-version":[{"id":1818,"href":"https:\/\/www.taekwondo-ates.de\/index.php?rest_route=\/wp\/v2\/posts\/1816\/revisions\/1818"}],"wp:attachment":[{"href":"https:\/\/www.taekwondo-ates.de\/index.php?rest_route=%2Fwp%2Fv2%2Fmedia&parent=1816"}],"wp:term":[{"taxonomy":"category","embeddable":true,"href":"https:\/\/www.taekwondo-ates.de\/index.php?rest_route=%2Fwp%2Fv2%2Fcategories&post=1816"},{"taxonomy":"post_tag","embeddable":true,"href":"https:\/\/www.taekwondo-ates.de\/index.php?rest_route=%2Fwp%2Fv2%2Ftags&post=1816"}],"curies":[{"name":"wp","href":"https:\/\/api.w.org\/{rel}","templated":true}]}}