{"id":1801,"date":"2015-11-19T22:34:07","date_gmt":"2015-11-19T21:34:07","guid":{"rendered":"http:\/\/www.taekwondo-ates.de\/?p=1801"},"modified":"2015-11-19T22:34:07","modified_gmt":"2015-11-19T21:34:07","slug":"dan-prufung-15-11-2015-in-buhl","status":"publish","type":"post","link":"https:\/\/www.taekwondo-ates.de\/?p=1801","title":{"rendered":"DAN \u2013 Pr\u00fcfung 15.11.2015 in B\u00fchl"},"content":{"rendered":"<p style=\"text-align: justify;\"><a href=\"http:\/\/www.taekwondo-ates.de\/wp-content\/uploads\/2015\/11\/20151116_202006-1.jpg\"><img data-attachment-id=\"1802\" data-permalink=\"https:\/\/www.taekwondo-ates.de\/?attachment_id=1802\" data-orig-file=\"https:\/\/www.taekwondo-ates.de\/wp-content\/uploads\/2015\/11\/20151116_202006-1.jpg\" data-orig-size=\"1812,2070\" data-comments-opened=\"0\" data-image-meta=\"{&quot;aperture&quot;:&quot;0.66&quot;,&quot;credit&quot;:&quot;&quot;,&quot;camera&quot;:&quot;GT-I9300&quot;,&quot;caption&quot;:&quot;&quot;,&quot;created_timestamp&quot;:&quot;0&quot;,&quot;copyright&quot;:&quot;&quot;,&quot;focal_length&quot;:&quot;3.7&quot;,&quot;iso&quot;:&quot;0&quot;,&quot;shutter_speed&quot;:&quot;0&quot;,&quot;title&quot;:&quot;&quot;}\" data-image-title=\"20151116_202006-1\" data-image-description=\"\" data-image-caption=\"\" data-medium-file=\"https:\/\/www.taekwondo-ates.de\/wp-content\/uploads\/2015\/11\/20151116_202006-1-262x300.jpg\" data-large-file=\"https:\/\/www.taekwondo-ates.de\/wp-content\/uploads\/2015\/11\/20151116_202006-1-896x1024.jpg\" decoding=\"async\" loading=\"lazy\" class=\"alignleft size-medium wp-image-1802\" alt=\"20151116_202006-1\" src=\"http:\/\/www.taekwondo-ates.de\/wp-content\/uploads\/2015\/11\/20151116_202006-1-262x300.jpg\" width=\"262\" height=\"300\" srcset=\"https:\/\/www.taekwondo-ates.de\/wp-content\/uploads\/2015\/11\/20151116_202006-1-262x300.jpg 262w, https:\/\/www.taekwondo-ates.de\/wp-content\/uploads\/2015\/11\/20151116_202006-1-896x1024.jpg 896w, https:\/\/www.taekwondo-ates.de\/wp-content\/uploads\/2015\/11\/20151116_202006-1.jpg 1812w\" sizes=\"(max-width: 262px) 100vw, 262px\" \/><\/a>Mit Fabian G\u00f6cks gibt es nun einen weiteren Dan-Tr\u00e4ger beim Taekwondo Ates e.V.<\/p>\n<p style=\"text-align: justify;\">Am Sonntag, 15.11. stellte sich Fabian G\u00f6cks seiner Schwarzgurt-Pr\u00fcfung und konnte die drei Pr\u00fcfer von seinen Leistungen \u00fcberzeugen.<\/p>\n<p style=\"text-align: justify;\">Er bekam von Herrn Wolfgang Br\u00fcckel, Pr\u00e4sident der Taekwondo Union Baden-W\u00fcrttemberg (TUBW) die begehrte Pr\u00fcfungsurkunde<br \/>\nzum Schwarzgurt, 1. Dan \u00fcberreicht.<\/p>\n","protected":false},"excerpt":{"rendered":"<p>Mit Fabian G\u00f6cks gibt es nun einen weiteren Dan-Tr\u00e4ger beim Taekwondo Ates e.V. Am Sonntag, 15.11. stellte sich Fabian G\u00f6cks seiner Schwarzgurt-Pr\u00fcfung und konnte die drei Pr\u00fcfer von seinen Leistungen \u00fcberzeugen. Er bekam von Herrn Wolfgang Br\u00fcckel, Pr\u00e4sident der Taekwondo &hellip; <a href=\"https:\/\/www.taekwondo-ates.de\/?p=1801\">Weiterlesen <span class=\"meta-nav\">&rarr;<\/span><\/a><\/p>\n","protected":false},"author":1,"featured_media":0,"comment_status":"closed","ping_status":"closed","sticky":false,"template":"","format":"standard","meta":{"ngg_post_thumbnail":0,"jetpack_post_was_ever_published":false},"categories":[4],"tags":[119,45],"jetpack_featured_media_url":"","jetpack_shortlink":"https:\/\/wp.me\/p214aU-t3","jetpack_sharing_enabled":true,"_links":{"self":[{"href":"https:\/\/www.taekwondo-ates.de\/index.php?rest_route=\/wp\/v2\/posts\/1801"}],"collection":[{"href":"https:\/\/www.taekwondo-ates.de\/index.php?rest_route=\/wp\/v2\/posts"}],"about":[{"href":"https:\/\/www.taekwondo-ates.de\/index.php?rest_route=\/wp\/v2\/types\/post"}],"author":[{"embeddable":true,"href":"https:\/\/www.taekwondo-ates.de\/index.php?rest_route=\/wp\/v2\/users\/1"}],"replies":[{"embeddable":true,"href":"https:\/\/www.taekwondo-ates.de\/index.php?rest_route=%2Fwp%2Fv2%2Fcomments&post=1801"}],"version-history":[{"count":2,"href":"https:\/\/www.taekwondo-ates.de\/index.php?rest_route=\/wp\/v2\/posts\/1801\/revisions"}],"predecessor-version":[{"id":1804,"href":"https:\/\/www.taekwondo-ates.de\/index.php?rest_route=\/wp\/v2\/posts\/1801\/revisions\/1804"}],"wp:attachment":[{"href":"https:\/\/www.taekwondo-ates.de\/index.php?rest_route=%2Fwp%2Fv2%2Fmedia&parent=1801"}],"wp:term":[{"taxonomy":"category","embeddable":true,"href":"https:\/\/www.taekwondo-ates.de\/index.php?rest_route=%2Fwp%2Fv2%2Fcategories&post=1801"},{"taxonomy":"post_tag","embeddable":true,"href":"https:\/\/www.taekwondo-ates.de\/index.php?rest_route=%2Fwp%2Fv2%2Ftags&post=1801"}],"curies":[{"name":"wp","href":"https:\/\/api.w.org\/{rel}","templated":true}]}}