{"id":1173,"date":"2014-06-23T11:05:09","date_gmt":"2014-06-23T10:05:09","guid":{"rendered":"http:\/\/www.taekwondo-ates.de\/?p=1173"},"modified":"2014-06-23T11:05:09","modified_gmt":"2014-06-23T10:05:09","slug":"black-tiger-cup-am-21-06-2014-in-tubingen","status":"publish","type":"post","link":"https:\/\/www.taekwondo-ates.de\/?p=1173","title":{"rendered":"Black Tiger Cup am 21.06.2014 in T\u00fcbingen"},"content":{"rendered":"<p style=\"text-align: justify;\">Taekwondo Ates nahm trotz Pfingstferien am Internationalen Turnier\u00a0\u201eBlack Tiger Cup\u201c in T\u00fcbingen mit Erfolg teil.<br \/>\nMit 11 Teilnehmern erreichte der Verein 3 x Gold, 3 x Silber und 3 x Bronze.\u00a0Jason Wolf und Cornelius J\u00f6rger verpassten nur knapp eine Medaille.<\/p>\n<p style=\"text-align: justify;\">Anika Glatz \u00fcberzeugte durch gute Leistungen mit einem technischen K.O.\u00a0Fabian G\u00f6cks gewann sein Halbfinale gegen den Koreaner aus der Schweiz und musste\u00a0sich erst im Finale geschlagen geben. Devin und Leon Schulz gewannen Ihre K\u00e4mpfe souver\u00e4n deutlich nach Punkten.<\/p>\n<p style=\"text-align: justify;\">Manche Sch\u00fcler verloren buchst\u00e4blich in der letzten Sekunde nach dem sie im Kampf zun\u00e4chst gef\u00fchrt hatten.<\/p>\n<p style=\"text-align: justify;\">Trainer Aydin Ates war sehr zufrieden mit der Leistung seiner Sch\u00fcler. Mit diesem Erfolg\u00a0erreichte Taekwondo Ates den 3. Platz in der Mannschaftswertung.<\/p>\n<p><a href=\"http:\/\/www.taekwondo-ates.de\/wp-content\/uploads\/2014\/06\/20140621_101624-1.jpg\"><img data-attachment-id=\"1174\" data-permalink=\"https:\/\/www.taekwondo-ates.de\/?attachment_id=1174\" data-orig-file=\"https:\/\/www.taekwondo-ates.de\/wp-content\/uploads\/2014\/06\/20140621_101624-1.jpg\" data-orig-size=\"1000,612\" data-comments-opened=\"0\" data-image-meta=\"{&quot;aperture&quot;:&quot;0&quot;,&quot;credit&quot;:&quot;&quot;,&quot;camera&quot;:&quot;GT-I9300&quot;,&quot;caption&quot;:&quot;&quot;,&quot;created_timestamp&quot;:&quot;0&quot;,&quot;copyright&quot;:&quot;&quot;,&quot;focal_length&quot;:&quot;0&quot;,&quot;iso&quot;:&quot;0&quot;,&quot;shutter_speed&quot;:&quot;0&quot;,&quot;title&quot;:&quot;&quot;}\" data-image-title=\"20140621_101624-1\" data-image-description=\"\" data-image-caption=\"\" data-medium-file=\"https:\/\/www.taekwondo-ates.de\/wp-content\/uploads\/2014\/06\/20140621_101624-1-300x183.jpg\" data-large-file=\"https:\/\/www.taekwondo-ates.de\/wp-content\/uploads\/2014\/06\/20140621_101624-1.jpg\" decoding=\"async\" loading=\"lazy\" class=\"aligncenter size-medium wp-image-1174\" alt=\"20140621_101624-1\" src=\"http:\/\/www.taekwondo-ates.de\/wp-content\/uploads\/2014\/06\/20140621_101624-1-300x183.jpg\" width=\"300\" height=\"183\" srcset=\"https:\/\/www.taekwondo-ates.de\/wp-content\/uploads\/2014\/06\/20140621_101624-1-300x183.jpg 300w, https:\/\/www.taekwondo-ates.de\/wp-content\/uploads\/2014\/06\/20140621_101624-1-490x300.jpg 490w, https:\/\/www.taekwondo-ates.de\/wp-content\/uploads\/2014\/06\/20140621_101624-1.jpg 1000w\" sizes=\"(max-width: 300px) 100vw, 300px\" \/><\/a><\/p>\n<p style=\"text-align: justify;\">Bild von links vorne:\u00a0Clemens Wolf 3.Pl, Cornelius J\u00f6rger 4.Pl., Jason Wolf 4.Pl., Tobias Husch 3.Pl.,<\/p>\n<p style=\"text-align: justify;\">Hinten:\u00a0Maik Becker 1.Pl., Leon Schulz 1.Pl., Anika Glatz 1.Pl., Devin Schulz 1.Pl., Janna Wolf 2. Pl, Fabian G\u00f6cks 2.Pl, Sadat Saidvalyshah 2.Pl., Trainer Aydin Ates<\/p>\n\n\t\t<style type=\"text\/css\">\n\t\t\t#gallery-1 {\n\t\t\t\tmargin: auto;\n\t\t\t}\n\t\t\t#gallery-1 .gallery-item {\n\t\t\t\tfloat: left;\n\t\t\t\tmargin-top: 10px;\n\t\t\t\ttext-align: center;\n\t\t\t\twidth: 25%;\n\t\t\t}\n\t\t\t#gallery-1 img {\n\t\t\t\tborder: 2px solid #cfcfcf;\n\t\t\t}\n\t\t\t#gallery-1 .gallery-caption {\n\t\t\t\tmargin-left: 0;\n\t\t\t}\n\t\t\t\/* see gallery_shortcode() in wp-includes\/media.php *\/\n\t\t<\/style>\n\t\t<div data-carousel-extra='{\"blog_id\":1,\"permalink\":\"https:\\\/\\\/www.taekwondo-ates.de\\\/?p=1173\"}' id='gallery-1' class='gallery galleryid-1173 gallery-columns-4 gallery-size-thumbnail'><dl class='gallery-item'>\n\t\t\t<dt class='gallery-icon landscape'>\n\t\t\t\t<a href='https:\/\/www.taekwondo-ates.de\/?attachment_id=1182'><img width=\"150\" height=\"150\" src=\"https:\/\/www.taekwondo-ates.de\/wp-content\/uploads\/2014\/06\/IMG-20140621-WA0008-150x150.jpg\" class=\"attachment-thumbnail size-thumbnail\" alt=\"\" decoding=\"async\" loading=\"lazy\" data-attachment-id=\"1182\" data-permalink=\"https:\/\/www.taekwondo-ates.de\/?attachment_id=1182\" data-orig-file=\"https:\/\/www.taekwondo-ates.de\/wp-content\/uploads\/2014\/06\/IMG-20140621-WA0008.jpg\" data-orig-size=\"1000,563\" data-comments-opened=\"0\" data-image-meta=\"{&quot;aperture&quot;:&quot;0&quot;,&quot;credit&quot;:&quot;&quot;,&quot;camera&quot;:&quot;&quot;,&quot;caption&quot;:&quot;&quot;,&quot;created_timestamp&quot;:&quot;0&quot;,&quot;copyright&quot;:&quot;&quot;,&quot;focal_length&quot;:&quot;0&quot;,&quot;iso&quot;:&quot;0&quot;,&quot;shutter_speed&quot;:&quot;0&quot;,&quot;title&quot;:&quot;&quot;}\" data-image-title=\"IMG-20140621-WA0008\" data-image-description=\"\" data-image-caption=\"\" data-medium-file=\"https:\/\/www.taekwondo-ates.de\/wp-content\/uploads\/2014\/06\/IMG-20140621-WA0008-300x168.jpg\" data-large-file=\"https:\/\/www.taekwondo-ates.de\/wp-content\/uploads\/2014\/06\/IMG-20140621-WA0008.jpg\" \/><\/a>\n\t\t\t<\/dt><\/dl><dl class='gallery-item'>\n\t\t\t<dt class='gallery-icon portrait'>\n\t\t\t\t<a href='https:\/\/www.taekwondo-ates.de\/?attachment_id=1181'><img width=\"150\" height=\"150\" src=\"https:\/\/www.taekwondo-ates.de\/wp-content\/uploads\/2014\/06\/20140621_163534-150x150.jpg\" class=\"attachment-thumbnail size-thumbnail\" alt=\"\" decoding=\"async\" loading=\"lazy\" data-attachment-id=\"1181\" data-permalink=\"https:\/\/www.taekwondo-ates.de\/?attachment_id=1181\" data-orig-file=\"https:\/\/www.taekwondo-ates.de\/wp-content\/uploads\/2014\/06\/20140621_163534.jpg\" data-orig-size=\"750,1000\" data-comments-opened=\"0\" data-image-meta=\"{&quot;aperture&quot;:&quot;2.6&quot;,&quot;credit&quot;:&quot;&quot;,&quot;camera&quot;:&quot;GT-I9300&quot;,&quot;caption&quot;:&quot;&quot;,&quot;created_timestamp&quot;:&quot;1403368534&quot;,&quot;copyright&quot;:&quot;&quot;,&quot;focal_length&quot;:&quot;3.7&quot;,&quot;iso&quot;:&quot;160&quot;,&quot;shutter_speed&quot;:&quot;0.066666666666667&quot;,&quot;title&quot;:&quot;&quot;}\" data-image-title=\"20140621_163534\" data-image-description=\"\" data-image-caption=\"\" data-medium-file=\"https:\/\/www.taekwondo-ates.de\/wp-content\/uploads\/2014\/06\/20140621_163534-225x300.jpg\" data-large-file=\"https:\/\/www.taekwondo-ates.de\/wp-content\/uploads\/2014\/06\/20140621_163534.jpg\" \/><\/a>\n\t\t\t<\/dt><\/dl><dl class='gallery-item'>\n\t\t\t<dt class='gallery-icon portrait'>\n\t\t\t\t<a href='https:\/\/www.taekwondo-ates.de\/?attachment_id=1180'><img width=\"150\" height=\"150\" src=\"https:\/\/www.taekwondo-ates.de\/wp-content\/uploads\/2014\/06\/20140621_163520-150x150.jpg\" class=\"attachment-thumbnail size-thumbnail\" alt=\"\" decoding=\"async\" loading=\"lazy\" data-attachment-id=\"1180\" data-permalink=\"https:\/\/www.taekwondo-ates.de\/?attachment_id=1180\" data-orig-file=\"https:\/\/www.taekwondo-ates.de\/wp-content\/uploads\/2014\/06\/20140621_163520.jpg\" data-orig-size=\"750,1000\" data-comments-opened=\"0\" data-image-meta=\"{&quot;aperture&quot;:&quot;2.6&quot;,&quot;credit&quot;:&quot;&quot;,&quot;camera&quot;:&quot;GT-I9300&quot;,&quot;caption&quot;:&quot;&quot;,&quot;created_timestamp&quot;:&quot;1403368519&quot;,&quot;copyright&quot;:&quot;&quot;,&quot;focal_length&quot;:&quot;3.7&quot;,&quot;iso&quot;:&quot;64&quot;,&quot;shutter_speed&quot;:&quot;0.066666666666667&quot;,&quot;title&quot;:&quot;&quot;}\" data-image-title=\"20140621_163520\" data-image-description=\"\" data-image-caption=\"\" data-medium-file=\"https:\/\/www.taekwondo-ates.de\/wp-content\/uploads\/2014\/06\/20140621_163520-225x300.jpg\" data-large-file=\"https:\/\/www.taekwondo-ates.de\/wp-content\/uploads\/2014\/06\/20140621_163520.jpg\" \/><\/a>\n\t\t\t<\/dt><\/dl><dl class='gallery-item'>\n\t\t\t<dt class='gallery-icon portrait'>\n\t\t\t\t<a href='https:\/\/www.taekwondo-ates.de\/?attachment_id=1179'><img width=\"150\" height=\"150\" src=\"https:\/\/www.taekwondo-ates.de\/wp-content\/uploads\/2014\/06\/20140621_163453-150x150.jpg\" class=\"attachment-thumbnail size-thumbnail\" alt=\"\" decoding=\"async\" loading=\"lazy\" data-attachment-id=\"1179\" data-permalink=\"https:\/\/www.taekwondo-ates.de\/?attachment_id=1179\" data-orig-file=\"https:\/\/www.taekwondo-ates.de\/wp-content\/uploads\/2014\/06\/20140621_163453.jpg\" data-orig-size=\"750,1000\" data-comments-opened=\"0\" data-image-meta=\"{&quot;aperture&quot;:&quot;2.6&quot;,&quot;credit&quot;:&quot;&quot;,&quot;camera&quot;:&quot;GT-I9300&quot;,&quot;caption&quot;:&quot;&quot;,&quot;created_timestamp&quot;:&quot;1403368492&quot;,&quot;copyright&quot;:&quot;&quot;,&quot;focal_length&quot;:&quot;3.7&quot;,&quot;iso&quot;:&quot;100&quot;,&quot;shutter_speed&quot;:&quot;0.066666666666667&quot;,&quot;title&quot;:&quot;&quot;}\" data-image-title=\"20140621_163453\" data-image-description=\"\" data-image-caption=\"\" data-medium-file=\"https:\/\/www.taekwondo-ates.de\/wp-content\/uploads\/2014\/06\/20140621_163453-225x300.jpg\" data-large-file=\"https:\/\/www.taekwondo-ates.de\/wp-content\/uploads\/2014\/06\/20140621_163453.jpg\" \/><\/a>\n\t\t\t<\/dt><\/dl><br style=\"clear: both\" \/><dl class='gallery-item'>\n\t\t\t<dt class='gallery-icon landscape'>\n\t\t\t\t<a href='https:\/\/www.taekwondo-ates.de\/?attachment_id=1178'><img width=\"150\" height=\"150\" src=\"https:\/\/www.taekwondo-ates.de\/wp-content\/uploads\/2014\/06\/20140621_163438-150x150.jpg\" class=\"attachment-thumbnail size-thumbnail\" alt=\"\" decoding=\"async\" loading=\"lazy\" data-attachment-id=\"1178\" data-permalink=\"https:\/\/www.taekwondo-ates.de\/?attachment_id=1178\" data-orig-file=\"https:\/\/www.taekwondo-ates.de\/wp-content\/uploads\/2014\/06\/20140621_163438.jpg\" data-orig-size=\"1000,750\" data-comments-opened=\"0\" data-image-meta=\"{&quot;aperture&quot;:&quot;2.6&quot;,&quot;credit&quot;:&quot;&quot;,&quot;camera&quot;:&quot;GT-I9300&quot;,&quot;caption&quot;:&quot;&quot;,&quot;created_timestamp&quot;:&quot;1403368477&quot;,&quot;copyright&quot;:&quot;&quot;,&quot;focal_length&quot;:&quot;3.7&quot;,&quot;iso&quot;:&quot;125&quot;,&quot;shutter_speed&quot;:&quot;0.066666666666667&quot;,&quot;title&quot;:&quot;&quot;}\" data-image-title=\"20140621_163438\" data-image-description=\"\" data-image-caption=\"\" data-medium-file=\"https:\/\/www.taekwondo-ates.de\/wp-content\/uploads\/2014\/06\/20140621_163438-300x225.jpg\" data-large-file=\"https:\/\/www.taekwondo-ates.de\/wp-content\/uploads\/2014\/06\/20140621_163438.jpg\" \/><\/a>\n\t\t\t<\/dt><\/dl><dl class='gallery-item'>\n\t\t\t<dt class='gallery-icon landscape'>\n\t\t\t\t<a href='https:\/\/www.taekwondo-ates.de\/?attachment_id=1177'><img width=\"150\" height=\"150\" src=\"https:\/\/www.taekwondo-ates.de\/wp-content\/uploads\/2014\/06\/20140621_163411-150x150.jpg\" class=\"attachment-thumbnail size-thumbnail\" alt=\"\" decoding=\"async\" loading=\"lazy\" data-attachment-id=\"1177\" data-permalink=\"https:\/\/www.taekwondo-ates.de\/?attachment_id=1177\" data-orig-file=\"https:\/\/www.taekwondo-ates.de\/wp-content\/uploads\/2014\/06\/20140621_163411.jpg\" data-orig-size=\"1000,750\" data-comments-opened=\"0\" data-image-meta=\"{&quot;aperture&quot;:&quot;2.6&quot;,&quot;credit&quot;:&quot;&quot;,&quot;camera&quot;:&quot;GT-I9300&quot;,&quot;caption&quot;:&quot;&quot;,&quot;created_timestamp&quot;:&quot;1403368451&quot;,&quot;copyright&quot;:&quot;&quot;,&quot;focal_length&quot;:&quot;3.7&quot;,&quot;iso&quot;:&quot;64&quot;,&quot;shutter_speed&quot;:&quot;0.066666666666667&quot;,&quot;title&quot;:&quot;&quot;}\" data-image-title=\"20140621_163411\" data-image-description=\"\" data-image-caption=\"\" data-medium-file=\"https:\/\/www.taekwondo-ates.de\/wp-content\/uploads\/2014\/06\/20140621_163411-300x225.jpg\" data-large-file=\"https:\/\/www.taekwondo-ates.de\/wp-content\/uploads\/2014\/06\/20140621_163411.jpg\" \/><\/a>\n\t\t\t<\/dt><\/dl><dl class='gallery-item'>\n\t\t\t<dt class='gallery-icon landscape'>\n\t\t\t\t<a href='https:\/\/www.taekwondo-ates.de\/?attachment_id=1176'><img width=\"150\" height=\"150\" src=\"https:\/\/www.taekwondo-ates.de\/wp-content\/uploads\/2014\/06\/20140621_163306-150x150.jpg\" class=\"attachment-thumbnail size-thumbnail\" alt=\"\" decoding=\"async\" loading=\"lazy\" data-attachment-id=\"1176\" data-permalink=\"https:\/\/www.taekwondo-ates.de\/?attachment_id=1176\" data-orig-file=\"https:\/\/www.taekwondo-ates.de\/wp-content\/uploads\/2014\/06\/20140621_163306.jpg\" data-orig-size=\"1000,750\" data-comments-opened=\"0\" data-image-meta=\"{&quot;aperture&quot;:&quot;2.6&quot;,&quot;credit&quot;:&quot;&quot;,&quot;camera&quot;:&quot;GT-I9300&quot;,&quot;caption&quot;:&quot;&quot;,&quot;created_timestamp&quot;:&quot;1403368386&quot;,&quot;copyright&quot;:&quot;&quot;,&quot;focal_length&quot;:&quot;3.7&quot;,&quot;iso&quot;:&quot;125&quot;,&quot;shutter_speed&quot;:&quot;0.066666666666667&quot;,&quot;title&quot;:&quot;&quot;}\" data-image-title=\"20140621_163306\" data-image-description=\"\" data-image-caption=\"\" data-medium-file=\"https:\/\/www.taekwondo-ates.de\/wp-content\/uploads\/2014\/06\/20140621_163306-300x225.jpg\" data-large-file=\"https:\/\/www.taekwondo-ates.de\/wp-content\/uploads\/2014\/06\/20140621_163306.jpg\" \/><\/a>\n\t\t\t<\/dt><\/dl><dl class='gallery-item'>\n\t\t\t<dt class='gallery-icon portrait'>\n\t\t\t\t<a href='https:\/\/www.taekwondo-ates.de\/?attachment_id=1175'><img width=\"150\" height=\"150\" src=\"https:\/\/www.taekwondo-ates.de\/wp-content\/uploads\/2014\/06\/20140621_161618-150x150.jpg\" class=\"attachment-thumbnail size-thumbnail\" alt=\"\" decoding=\"async\" loading=\"lazy\" data-attachment-id=\"1175\" data-permalink=\"https:\/\/www.taekwondo-ates.de\/?attachment_id=1175\" data-orig-file=\"https:\/\/www.taekwondo-ates.de\/wp-content\/uploads\/2014\/06\/20140621_161618.jpg\" data-orig-size=\"750,1000\" data-comments-opened=\"0\" data-image-meta=\"{&quot;aperture&quot;:&quot;2.6&quot;,&quot;credit&quot;:&quot;&quot;,&quot;camera&quot;:&quot;GT-I9300&quot;,&quot;caption&quot;:&quot;&quot;,&quot;created_timestamp&quot;:&quot;1403367378&quot;,&quot;copyright&quot;:&quot;&quot;,&quot;focal_length&quot;:&quot;3.7&quot;,&quot;iso&quot;:&quot;50&quot;,&quot;shutter_speed&quot;:&quot;0.05&quot;,&quot;title&quot;:&quot;&quot;}\" data-image-title=\"20140621_161618\" data-image-description=\"\" data-image-caption=\"\" data-medium-file=\"https:\/\/www.taekwondo-ates.de\/wp-content\/uploads\/2014\/06\/20140621_161618-225x300.jpg\" data-large-file=\"https:\/\/www.taekwondo-ates.de\/wp-content\/uploads\/2014\/06\/20140621_161618.jpg\" \/><\/a>\n\t\t\t<\/dt><\/dl><br style=\"clear: both\" \/>\n\t\t<\/div>\n\n","protected":false},"excerpt":{"rendered":"<p>Taekwondo Ates nahm trotz Pfingstferien am Internationalen Turnier\u00a0\u201eBlack Tiger Cup\u201c in T\u00fcbingen mit Erfolg teil. Mit 11 Teilnehmern erreichte der Verein 3 x Gold, 3 x Silber und 3 x Bronze.\u00a0Jason Wolf und Cornelius J\u00f6rger verpassten nur knapp eine Medaille. &hellip; <a href=\"https:\/\/www.taekwondo-ates.de\/?p=1173\">Weiterlesen <span class=\"meta-nav\">&rarr;<\/span><\/a><\/p>\n","protected":false},"author":1,"featured_media":0,"comment_status":"closed","ping_status":"closed","sticky":false,"template":"","format":"standard","meta":{"ngg_post_thumbnail":0,"jetpack_post_was_ever_published":false},"categories":[4],"tags":[69],"jetpack_featured_media_url":"","jetpack_shortlink":"https:\/\/wp.me\/p214aU-iV","jetpack_sharing_enabled":true,"_links":{"self":[{"href":"https:\/\/www.taekwondo-ates.de\/index.php?rest_route=\/wp\/v2\/posts\/1173"}],"collection":[{"href":"https:\/\/www.taekwondo-ates.de\/index.php?rest_route=\/wp\/v2\/posts"}],"about":[{"href":"https:\/\/www.taekwondo-ates.de\/index.php?rest_route=\/wp\/v2\/types\/post"}],"author":[{"embeddable":true,"href":"https:\/\/www.taekwondo-ates.de\/index.php?rest_route=\/wp\/v2\/users\/1"}],"replies":[{"embeddable":true,"href":"https:\/\/www.taekwondo-ates.de\/index.php?rest_route=%2Fwp%2Fv2%2Fcomments&post=1173"}],"version-history":[{"count":3,"href":"https:\/\/www.taekwondo-ates.de\/index.php?rest_route=\/wp\/v2\/posts\/1173\/revisions"}],"predecessor-version":[{"id":1185,"href":"https:\/\/www.taekwondo-ates.de\/index.php?rest_route=\/wp\/v2\/posts\/1173\/revisions\/1185"}],"wp:attachment":[{"href":"https:\/\/www.taekwondo-ates.de\/index.php?rest_route=%2Fwp%2Fv2%2Fmedia&parent=1173"}],"wp:term":[{"taxonomy":"category","embeddable":true,"href":"https:\/\/www.taekwondo-ates.de\/index.php?rest_route=%2Fwp%2Fv2%2Fcategories&post=1173"},{"taxonomy":"post_tag","embeddable":true,"href":"https:\/\/www.taekwondo-ates.de\/index.php?rest_route=%2Fwp%2Fv2%2Ftags&post=1173"}],"curies":[{"name":"wp","href":"https:\/\/api.w.org\/{rel}","templated":true}]}}