{"id":3517,"date":"2025-03-29T15:10:03","date_gmt":"2025-03-29T14:10:03","guid":{"rendered":"https:\/\/www.taekwondo-ates.de\/?p=3517"},"modified":"2025-08-01T15:14:25","modified_gmt":"2025-08-01T14:14:25","slug":"guertelpruefungen-im-maerz","status":"publish","type":"post","link":"http:\/\/www.taekwondo-ates.de\/?p=3517","title":{"rendered":"G\u00fcrtelpr\u00fcfungen im M\u00e4rz"},"content":{"rendered":"\n<h2>Zell a.H. 19.03.2025<\/h2>\n\n\n\n<figure class=\"wp-block-image size-large\"><a href=\"https:\/\/www.taekwondo-ates.de\/wp-content\/uploads\/2025\/08\/IMG_8783-scaled.jpg\"><img data-attachment-id=\"3518\" data-permalink=\"http:\/\/www.taekwondo-ates.de\/?attachment_id=3518\" data-orig-file=\"http:\/\/www.taekwondo-ates.de\/wp-content\/uploads\/2025\/08\/IMG_8783-scaled.jpg\" data-orig-size=\"2560,1458\" data-comments-opened=\"0\" data-image-meta=\"{&quot;aperture&quot;:&quot;1.6&quot;,&quot;credit&quot;:&quot;&quot;,&quot;camera&quot;:&quot;iPhone 13&quot;,&quot;caption&quot;:&quot;&quot;,&quot;created_timestamp&quot;:&quot;1742408234&quot;,&quot;copyright&quot;:&quot;&quot;,&quot;focal_length&quot;:&quot;5.1&quot;,&quot;iso&quot;:&quot;80&quot;,&quot;shutter_speed&quot;:&quot;0.009009009009009&quot;,&quot;title&quot;:&quot;&quot;,&quot;orientation&quot;:&quot;1&quot;}\" data-image-title=\"IMG_8783\" data-image-description=\"\" data-image-caption=\"\" data-medium-file=\"http:\/\/www.taekwondo-ates.de\/wp-content\/uploads\/2025\/08\/IMG_8783-300x171.jpg\" data-large-file=\"http:\/\/www.taekwondo-ates.de\/wp-content\/uploads\/2025\/08\/IMG_8783-1024x583.jpg\" decoding=\"async\" loading=\"lazy\" width=\"1024\" height=\"583\" src=\"https:\/\/www.taekwondo-ates.de\/wp-content\/uploads\/2025\/08\/IMG_8783-1024x583.jpg\" alt=\"\" class=\"wp-image-3518\" srcset=\"http:\/\/www.taekwondo-ates.de\/wp-content\/uploads\/2025\/08\/IMG_8783-1024x583.jpg 1024w, http:\/\/www.taekwondo-ates.de\/wp-content\/uploads\/2025\/08\/IMG_8783-300x171.jpg 300w, http:\/\/www.taekwondo-ates.de\/wp-content\/uploads\/2025\/08\/IMG_8783-768x437.jpg 768w, http:\/\/www.taekwondo-ates.de\/wp-content\/uploads\/2025\/08\/IMG_8783-1536x875.jpg 1536w, http:\/\/www.taekwondo-ates.de\/wp-content\/uploads\/2025\/08\/IMG_8783-2048x1166.jpg 2048w, http:\/\/www.taekwondo-ates.de\/wp-content\/uploads\/2025\/08\/IMG_8783-500x285.jpg 500w\" sizes=\"(max-width: 1024px) 100vw, 1024px\" \/><\/a><\/figure>\n\n\n\n<figure class=\"wp-block-image size-large\"><a href=\"https:\/\/www.taekwondo-ates.de\/wp-content\/uploads\/2025\/08\/IMG_8784-scaled.jpg\"><img data-attachment-id=\"3519\" data-permalink=\"http:\/\/www.taekwondo-ates.de\/?attachment_id=3519\" data-orig-file=\"http:\/\/www.taekwondo-ates.de\/wp-content\/uploads\/2025\/08\/IMG_8784-scaled.jpg\" data-orig-size=\"2560,1594\" data-comments-opened=\"0\" data-image-meta=\"{&quot;aperture&quot;:&quot;1.6&quot;,&quot;credit&quot;:&quot;&quot;,&quot;camera&quot;:&quot;iPhone 13&quot;,&quot;caption&quot;:&quot;&quot;,&quot;created_timestamp&quot;:&quot;1742411040&quot;,&quot;copyright&quot;:&quot;&quot;,&quot;focal_length&quot;:&quot;5.1&quot;,&quot;iso&quot;:&quot;80&quot;,&quot;shutter_speed&quot;:&quot;0.009009009009009&quot;,&quot;title&quot;:&quot;&quot;,&quot;orientation&quot;:&quot;1&quot;}\" data-image-title=\"IMG_8784\" data-image-description=\"\" data-image-caption=\"\" data-medium-file=\"http:\/\/www.taekwondo-ates.de\/wp-content\/uploads\/2025\/08\/IMG_8784-300x187.jpg\" data-large-file=\"http:\/\/www.taekwondo-ates.de\/wp-content\/uploads\/2025\/08\/IMG_8784-1024x638.jpg\" decoding=\"async\" loading=\"lazy\" width=\"1024\" height=\"638\" src=\"https:\/\/www.taekwondo-ates.de\/wp-content\/uploads\/2025\/08\/IMG_8784-1024x638.jpg\" alt=\"\" class=\"wp-image-3519\" srcset=\"http:\/\/www.taekwondo-ates.de\/wp-content\/uploads\/2025\/08\/IMG_8784-1024x638.jpg 1024w, http:\/\/www.taekwondo-ates.de\/wp-content\/uploads\/2025\/08\/IMG_8784-300x187.jpg 300w, http:\/\/www.taekwondo-ates.de\/wp-content\/uploads\/2025\/08\/IMG_8784-768x478.jpg 768w, http:\/\/www.taekwondo-ates.de\/wp-content\/uploads\/2025\/08\/IMG_8784-1536x956.jpg 1536w, http:\/\/www.taekwondo-ates.de\/wp-content\/uploads\/2025\/08\/IMG_8784-2048x1275.jpg 2048w, http:\/\/www.taekwondo-ates.de\/wp-content\/uploads\/2025\/08\/IMG_8784-482x300.jpg 482w\" sizes=\"(max-width: 1024px) 100vw, 1024px\" \/><\/a><\/figure>\n\n\n\n<h2>Gengenbach 20.03.2025<\/h2>\n\n\n\n<figure class=\"wp-block-image size-large\"><a href=\"https:\/\/www.taekwondo-ates.de\/wp-content\/uploads\/2025\/08\/IMG_8796-scaled.jpg\"><img data-attachment-id=\"3520\" data-permalink=\"http:\/\/www.taekwondo-ates.de\/?attachment_id=3520\" data-orig-file=\"http:\/\/www.taekwondo-ates.de\/wp-content\/uploads\/2025\/08\/IMG_8796-scaled.jpg\" data-orig-size=\"2560,1378\" data-comments-opened=\"0\" data-image-meta=\"{&quot;aperture&quot;:&quot;1.6&quot;,&quot;credit&quot;:&quot;&quot;,&quot;camera&quot;:&quot;iPhone 13&quot;,&quot;caption&quot;:&quot;&quot;,&quot;created_timestamp&quot;:&quot;1742498061&quot;,&quot;copyright&quot;:&quot;&quot;,&quot;focal_length&quot;:&quot;5.1&quot;,&quot;iso&quot;:&quot;100&quot;,&quot;shutter_speed&quot;:&quot;0.02&quot;,&quot;title&quot;:&quot;&quot;,&quot;orientation&quot;:&quot;1&quot;}\" data-image-title=\"IMG_8796\" data-image-description=\"\" data-image-caption=\"\" data-medium-file=\"http:\/\/www.taekwondo-ates.de\/wp-content\/uploads\/2025\/08\/IMG_8796-300x161.jpg\" data-large-file=\"http:\/\/www.taekwondo-ates.de\/wp-content\/uploads\/2025\/08\/IMG_8796-1024x551.jpg\" decoding=\"async\" loading=\"lazy\" width=\"1024\" height=\"551\" src=\"https:\/\/www.taekwondo-ates.de\/wp-content\/uploads\/2025\/08\/IMG_8796-1024x551.jpg\" alt=\"\" class=\"wp-image-3520\" srcset=\"http:\/\/www.taekwondo-ates.de\/wp-content\/uploads\/2025\/08\/IMG_8796-1024x551.jpg 1024w, http:\/\/www.taekwondo-ates.de\/wp-content\/uploads\/2025\/08\/IMG_8796-300x161.jpg 300w, http:\/\/www.taekwondo-ates.de\/wp-content\/uploads\/2025\/08\/IMG_8796-768x413.jpg 768w, http:\/\/www.taekwondo-ates.de\/wp-content\/uploads\/2025\/08\/IMG_8796-1536x827.jpg 1536w, http:\/\/www.taekwondo-ates.de\/wp-content\/uploads\/2025\/08\/IMG_8796-2048x1102.jpg 2048w, http:\/\/www.taekwondo-ates.de\/wp-content\/uploads\/2025\/08\/IMG_8796-500x269.jpg 500w\" sizes=\"(max-width: 1024px) 100vw, 1024px\" \/><\/a><\/figure>\n\n\n\n<h2>Offenburg 21.03.2025<\/h2>\n\n\n\n<figure class=\"wp-block-image size-large\"><a href=\"https:\/\/www.taekwondo-ates.de\/wp-content\/uploads\/2025\/08\/IMG_8806-scaled.jpg\"><img data-attachment-id=\"3521\" data-permalink=\"http:\/\/www.taekwondo-ates.de\/?attachment_id=3521\" data-orig-file=\"http:\/\/www.taekwondo-ates.de\/wp-content\/uploads\/2025\/08\/IMG_8806-scaled.jpg\" data-orig-size=\"2560,1229\" data-comments-opened=\"0\" data-image-meta=\"{&quot;aperture&quot;:&quot;1.6&quot;,&quot;credit&quot;:&quot;&quot;,&quot;camera&quot;:&quot;iPhone 13&quot;,&quot;caption&quot;:&quot;&quot;,&quot;created_timestamp&quot;:&quot;1742582753&quot;,&quot;copyright&quot;:&quot;&quot;,&quot;focal_length&quot;:&quot;5.1&quot;,&quot;iso&quot;:&quot;80&quot;,&quot;shutter_speed&quot;:&quot;0.01&quot;,&quot;title&quot;:&quot;&quot;,&quot;orientation&quot;:&quot;1&quot;}\" data-image-title=\"IMG_8806\" data-image-description=\"\" data-image-caption=\"\" data-medium-file=\"http:\/\/www.taekwondo-ates.de\/wp-content\/uploads\/2025\/08\/IMG_8806-300x144.jpg\" data-large-file=\"http:\/\/www.taekwondo-ates.de\/wp-content\/uploads\/2025\/08\/IMG_8806-1024x492.jpg\" decoding=\"async\" loading=\"lazy\" width=\"1024\" height=\"492\" src=\"https:\/\/www.taekwondo-ates.de\/wp-content\/uploads\/2025\/08\/IMG_8806-1024x492.jpg\" alt=\"\" class=\"wp-image-3521\" srcset=\"http:\/\/www.taekwondo-ates.de\/wp-content\/uploads\/2025\/08\/IMG_8806-1024x492.jpg 1024w, http:\/\/www.taekwondo-ates.de\/wp-content\/uploads\/2025\/08\/IMG_8806-300x144.jpg 300w, http:\/\/www.taekwondo-ates.de\/wp-content\/uploads\/2025\/08\/IMG_8806-768x369.jpg 768w, http:\/\/www.taekwondo-ates.de\/wp-content\/uploads\/2025\/08\/IMG_8806-1536x738.jpg 1536w, http:\/\/www.taekwondo-ates.de\/wp-content\/uploads\/2025\/08\/IMG_8806-2048x984.jpg 2048w, http:\/\/www.taekwondo-ates.de\/wp-content\/uploads\/2025\/08\/IMG_8806-500x240.jpg 500w\" sizes=\"(max-width: 1024px) 100vw, 1024px\" \/><\/a><\/figure>\n","protected":false},"excerpt":{"rendered":"<p>Zell a.H. 19.03.2025 Gengenbach 20.03.2025 Offenburg 21.03.2025<\/p>\n","protected":false},"author":1,"featured_media":0,"comment_status":"closed","ping_status":"closed","sticky":false,"template":"","format":"standard","meta":{"ngg_post_thumbnail":0,"jetpack_post_was_ever_published":false},"categories":[1,4],"tags":[14],"jetpack_featured_media_url":"","jetpack_shortlink":"https:\/\/wp.me\/p214aU-UJ","jetpack_sharing_enabled":true,"_links":{"self":[{"href":"http:\/\/www.taekwondo-ates.de\/index.php?rest_route=\/wp\/v2\/posts\/3517"}],"collection":[{"href":"http:\/\/www.taekwondo-ates.de\/index.php?rest_route=\/wp\/v2\/posts"}],"about":[{"href":"http:\/\/www.taekwondo-ates.de\/index.php?rest_route=\/wp\/v2\/types\/post"}],"author":[{"embeddable":true,"href":"http:\/\/www.taekwondo-ates.de\/index.php?rest_route=\/wp\/v2\/users\/1"}],"replies":[{"embeddable":true,"href":"http:\/\/www.taekwondo-ates.de\/index.php?rest_route=%2Fwp%2Fv2%2Fcomments&post=3517"}],"version-history":[{"count":1,"href":"http:\/\/www.taekwondo-ates.de\/index.php?rest_route=\/wp\/v2\/posts\/3517\/revisions"}],"predecessor-version":[{"id":3522,"href":"http:\/\/www.taekwondo-ates.de\/index.php?rest_route=\/wp\/v2\/posts\/3517\/revisions\/3522"}],"wp:attachment":[{"href":"http:\/\/www.taekwondo-ates.de\/index.php?rest_route=%2Fwp%2Fv2%2Fmedia&parent=3517"}],"wp:term":[{"taxonomy":"category","embeddable":true,"href":"http:\/\/www.taekwondo-ates.de\/index.php?rest_route=%2Fwp%2Fv2%2Fcategories&post=3517"},{"taxonomy":"post_tag","embeddable":true,"href":"http:\/\/www.taekwondo-ates.de\/index.php?rest_route=%2Fwp%2Fv2%2Ftags&post=3517"}],"curies":[{"name":"wp","href":"https:\/\/api.w.org\/{rel}","templated":true}]}}