{"id":3514,"date":"2025-04-19T15:07:13","date_gmt":"2025-04-19T14:07:13","guid":{"rendered":"https:\/\/www.taekwondo-ates.de\/?p=3514"},"modified":"2025-08-01T15:14:56","modified_gmt":"2025-08-01T14:14:56","slug":"schwarzgurt-pruefung-am-13-04-2025","status":"publish","type":"post","link":"http:\/\/www.taekwondo-ates.de\/?p=3514","title":{"rendered":"<strong>Schwarzgurt-Pr\u00fcfung am 13.04.2025<\/strong>"},"content":{"rendered":"\n<p>Am Sonntag, 13.04.2025 standen f\u00fcnf Teilnehmer von Taekwondo&nbsp;Ates&nbsp;e.V. bei der Schwarzgurt-Pr\u00fcfung in Gengenbach auf der Matte.<\/p>\n\n\n\n<p>Die lange Vorbereitung hat sich f\u00fcr alle Teilnehmer gelohnt. Alle zeigten guten Leistungen und bestanden die Schwarzgurt Pr\u00fcfung.<\/p>\n\n\n\n<figure class=\"wp-block-image size-large\"><a href=\"https:\/\/www.taekwondo-ates.de\/wp-content\/uploads\/2025\/08\/IMG_9046-scaled.jpg\"><img data-attachment-id=\"3515\" data-permalink=\"http:\/\/www.taekwondo-ates.de\/?attachment_id=3515\" data-orig-file=\"http:\/\/www.taekwondo-ates.de\/wp-content\/uploads\/2025\/08\/IMG_9046-scaled.jpg\" data-orig-size=\"2560,2331\" data-comments-opened=\"0\" data-image-meta=\"{&quot;aperture&quot;:&quot;1.6&quot;,&quot;credit&quot;:&quot;&quot;,&quot;camera&quot;:&quot;iPhone 13&quot;,&quot;caption&quot;:&quot;&quot;,&quot;created_timestamp&quot;:&quot;1744548034&quot;,&quot;copyright&quot;:&quot;&quot;,&quot;focal_length&quot;:&quot;5.1&quot;,&quot;iso&quot;:&quot;160&quot;,&quot;shutter_speed&quot;:&quot;0.02&quot;,&quot;title&quot;:&quot;&quot;,&quot;orientation&quot;:&quot;1&quot;}\" data-image-title=\"IMG_9046\" data-image-description=\"\" data-image-caption=\"\" data-medium-file=\"http:\/\/www.taekwondo-ates.de\/wp-content\/uploads\/2025\/08\/IMG_9046-300x273.jpg\" data-large-file=\"http:\/\/www.taekwondo-ates.de\/wp-content\/uploads\/2025\/08\/IMG_9046-1024x932.jpg\" decoding=\"async\" loading=\"lazy\" width=\"1024\" height=\"932\" src=\"https:\/\/www.taekwondo-ates.de\/wp-content\/uploads\/2025\/08\/IMG_9046-1024x932.jpg\" alt=\"\" class=\"wp-image-3515\" srcset=\"http:\/\/www.taekwondo-ates.de\/wp-content\/uploads\/2025\/08\/IMG_9046-1024x932.jpg 1024w, http:\/\/www.taekwondo-ates.de\/wp-content\/uploads\/2025\/08\/IMG_9046-300x273.jpg 300w, http:\/\/www.taekwondo-ates.de\/wp-content\/uploads\/2025\/08\/IMG_9046-768x699.jpg 768w, http:\/\/www.taekwondo-ates.de\/wp-content\/uploads\/2025\/08\/IMG_9046-1536x1398.jpg 1536w, http:\/\/www.taekwondo-ates.de\/wp-content\/uploads\/2025\/08\/IMG_9046-2048x1865.jpg 2048w, http:\/\/www.taekwondo-ates.de\/wp-content\/uploads\/2025\/08\/IMG_9046-330x300.jpg 330w\" sizes=\"(max-width: 1024px) 100vw, 1024px\" \/><\/a><figcaption class=\"wp-element-caption\">Bild vorne von links:<br>Sami Ben Hadj 1.DAN, Liam B\u00fcrkle 2. DAN<br>&nbsp;<br>Hinten von links:<br>Fatos Kaya 1.DAN, Roland B\u00fcrkle 2.DAN, Larissa Ludwig 1.DAN<\/figcaption><\/figure>\n","protected":false},"excerpt":{"rendered":"<p>Am Sonntag, 13.04.2025 standen f\u00fcnf Teilnehmer von Taekwondo&nbsp;Ates&nbsp;e.V. bei der Schwarzgurt-Pr\u00fcfung in Gengenbach auf der Matte. Die lange Vorbereitung hat sich f\u00fcr alle Teilnehmer gelohnt. Alle zeigten guten Leistungen und bestanden die Schwarzgurt Pr\u00fcfung.<\/p>\n","protected":false},"author":1,"featured_media":0,"comment_status":"closed","ping_status":"closed","sticky":false,"template":"","format":"standard","meta":{"ngg_post_thumbnail":0,"jetpack_post_was_ever_published":false},"categories":[1,4],"tags":[45],"jetpack_featured_media_url":"","jetpack_shortlink":"https:\/\/wp.me\/p214aU-UG","jetpack_sharing_enabled":true,"_links":{"self":[{"href":"http:\/\/www.taekwondo-ates.de\/index.php?rest_route=\/wp\/v2\/posts\/3514"}],"collection":[{"href":"http:\/\/www.taekwondo-ates.de\/index.php?rest_route=\/wp\/v2\/posts"}],"about":[{"href":"http:\/\/www.taekwondo-ates.de\/index.php?rest_route=\/wp\/v2\/types\/post"}],"author":[{"embeddable":true,"href":"http:\/\/www.taekwondo-ates.de\/index.php?rest_route=\/wp\/v2\/users\/1"}],"replies":[{"embeddable":true,"href":"http:\/\/www.taekwondo-ates.de\/index.php?rest_route=%2Fwp%2Fv2%2Fcomments&post=3514"}],"version-history":[{"count":2,"href":"http:\/\/www.taekwondo-ates.de\/index.php?rest_route=\/wp\/v2\/posts\/3514\/revisions"}],"predecessor-version":[{"id":3523,"href":"http:\/\/www.taekwondo-ates.de\/index.php?rest_route=\/wp\/v2\/posts\/3514\/revisions\/3523"}],"wp:attachment":[{"href":"http:\/\/www.taekwondo-ates.de\/index.php?rest_route=%2Fwp%2Fv2%2Fmedia&parent=3514"}],"wp:term":[{"taxonomy":"category","embeddable":true,"href":"http:\/\/www.taekwondo-ates.de\/index.php?rest_route=%2Fwp%2Fv2%2Fcategories&post=3514"},{"taxonomy":"post_tag","embeddable":true,"href":"http:\/\/www.taekwondo-ates.de\/index.php?rest_route=%2Fwp%2Fv2%2Ftags&post=3514"}],"curies":[{"name":"wp","href":"https:\/\/api.w.org\/{rel}","templated":true}]}}