{"id":3511,"date":"2025-08-01T15:06:17","date_gmt":"2025-08-01T14:06:17","guid":{"rendered":"https:\/\/www.taekwondo-ates.de\/?p=3511"},"modified":"2025-08-01T15:06:17","modified_gmt":"2025-08-01T14:06:17","slug":"taekwondo-schwarzgurt-pruefung-19-07-2025","status":"publish","type":"post","link":"http:\/\/www.taekwondo-ates.de\/?p=3511","title":{"rendered":"<strong>Taekwondo\u00a0Schwarzgurt-Pr\u00fcfung 19.07.2025<\/strong>"},"content":{"rendered":"\n<p>Taekwondo&nbsp;Ates&nbsp;organisierte eine Vereins-Schwarzgurt-Pr\u00fcfung.<\/p>\n\n\n\n<p>Alle Sch\u00fcler nahmen&nbsp;erfolgreich&nbsp;an der&nbsp;<strong>Schwarzgurt-Pr\u00fcfung&nbsp;<\/strong>teil<br>und&nbsp;konnten sich \u00fcber gute Leistungen und bestandene&nbsp;Pr\u00fcfung&nbsp;freuen.<\/p>\n\n\n\n<p>Pr\u00fcfer Aydin&nbsp;Ates&nbsp;5.DAN und S\u00fcleyman Ay 5.DAN waren mit den Leistungen sehr zufrieden.<\/p>\n\n\n\n<figure class=\"wp-block-image size-large\"><a href=\"https:\/\/www.taekwondo-ates.de\/wp-content\/uploads\/2025\/08\/IMG_0024-scaled.jpg\"><img data-attachment-id=\"3512\" data-permalink=\"http:\/\/www.taekwondo-ates.de\/?attachment_id=3512\" data-orig-file=\"http:\/\/www.taekwondo-ates.de\/wp-content\/uploads\/2025\/08\/IMG_0024-scaled.jpg\" data-orig-size=\"2560,1287\" data-comments-opened=\"0\" data-image-meta=\"{&quot;aperture&quot;:&quot;1.6&quot;,&quot;credit&quot;:&quot;&quot;,&quot;camera&quot;:&quot;iPhone 13&quot;,&quot;caption&quot;:&quot;&quot;,&quot;created_timestamp&quot;:&quot;1752931420&quot;,&quot;copyright&quot;:&quot;&quot;,&quot;focal_length&quot;:&quot;5.1&quot;,&quot;iso&quot;:&quot;80&quot;,&quot;shutter_speed&quot;:&quot;0.02&quot;,&quot;title&quot;:&quot;&quot;,&quot;orientation&quot;:&quot;1&quot;}\" data-image-title=\"IMG_0024\" data-image-description=\"\" data-image-caption=\"\" data-medium-file=\"http:\/\/www.taekwondo-ates.de\/wp-content\/uploads\/2025\/08\/IMG_0024-300x151.jpg\" data-large-file=\"http:\/\/www.taekwondo-ates.de\/wp-content\/uploads\/2025\/08\/IMG_0024-1024x515.jpg\" decoding=\"async\" loading=\"lazy\" width=\"1024\" height=\"515\" src=\"https:\/\/www.taekwondo-ates.de\/wp-content\/uploads\/2025\/08\/IMG_0024-1024x515.jpg\" alt=\"\" class=\"wp-image-3512\" srcset=\"http:\/\/www.taekwondo-ates.de\/wp-content\/uploads\/2025\/08\/IMG_0024-1024x515.jpg 1024w, http:\/\/www.taekwondo-ates.de\/wp-content\/uploads\/2025\/08\/IMG_0024-300x151.jpg 300w, http:\/\/www.taekwondo-ates.de\/wp-content\/uploads\/2025\/08\/IMG_0024-768x386.jpg 768w, http:\/\/www.taekwondo-ates.de\/wp-content\/uploads\/2025\/08\/IMG_0024-1536x772.jpg 1536w, http:\/\/www.taekwondo-ates.de\/wp-content\/uploads\/2025\/08\/IMG_0024-2048x1030.jpg 2048w, http:\/\/www.taekwondo-ates.de\/wp-content\/uploads\/2025\/08\/IMG_0024-500x251.jpg 500w\" sizes=\"(max-width: 1024px) 100vw, 1024px\" \/><\/a><figcaption class=\"wp-element-caption\"><strong><u>Bild vorne von links:<br><\/u><\/strong>Jette-Sofie K\u00fcnstle 1.DAN, Canan Eren 1.DAN, Jana Vitt 2.Poom, Mihail Bodarev 1.Poom<br>\u00a0<br><strong><u>Hinten von links:<\/u><\/strong><br>Jennifer M\u00e4nnle 2.DAN, B\u00fclent Sen 1.DAN, Eduard Schwagerus 2.DAN<\/figcaption><\/figure>\n","protected":false},"excerpt":{"rendered":"<p>Taekwondo&nbsp;Ates&nbsp;organisierte eine Vereins-Schwarzgurt-Pr\u00fcfung. Alle Sch\u00fcler nahmen&nbsp;erfolgreich&nbsp;an der&nbsp;Schwarzgurt-Pr\u00fcfung&nbsp;teilund&nbsp;konnten sich \u00fcber gute Leistungen und bestandene&nbsp;Pr\u00fcfung&nbsp;freuen. Pr\u00fcfer Aydin&nbsp;Ates&nbsp;5.DAN und S\u00fcleyman Ay 5.DAN waren mit den Leistungen sehr zufrieden.<\/p>\n","protected":false},"author":1,"featured_media":0,"comment_status":"closed","ping_status":"closed","sticky":false,"template":"","format":"standard","meta":{"ngg_post_thumbnail":0,"jetpack_post_was_ever_published":false},"categories":[1],"tags":[],"jetpack_featured_media_url":"","jetpack_shortlink":"https:\/\/wp.me\/p214aU-UD","jetpack_sharing_enabled":true,"_links":{"self":[{"href":"http:\/\/www.taekwondo-ates.de\/index.php?rest_route=\/wp\/v2\/posts\/3511"}],"collection":[{"href":"http:\/\/www.taekwondo-ates.de\/index.php?rest_route=\/wp\/v2\/posts"}],"about":[{"href":"http:\/\/www.taekwondo-ates.de\/index.php?rest_route=\/wp\/v2\/types\/post"}],"author":[{"embeddable":true,"href":"http:\/\/www.taekwondo-ates.de\/index.php?rest_route=\/wp\/v2\/users\/1"}],"replies":[{"embeddable":true,"href":"http:\/\/www.taekwondo-ates.de\/index.php?rest_route=%2Fwp%2Fv2%2Fcomments&post=3511"}],"version-history":[{"count":1,"href":"http:\/\/www.taekwondo-ates.de\/index.php?rest_route=\/wp\/v2\/posts\/3511\/revisions"}],"predecessor-version":[{"id":3513,"href":"http:\/\/www.taekwondo-ates.de\/index.php?rest_route=\/wp\/v2\/posts\/3511\/revisions\/3513"}],"wp:attachment":[{"href":"http:\/\/www.taekwondo-ates.de\/index.php?rest_route=%2Fwp%2Fv2%2Fmedia&parent=3511"}],"wp:term":[{"taxonomy":"category","embeddable":true,"href":"http:\/\/www.taekwondo-ates.de\/index.php?rest_route=%2Fwp%2Fv2%2Fcategories&post=3511"},{"taxonomy":"post_tag","embeddable":true,"href":"http:\/\/www.taekwondo-ates.de\/index.php?rest_route=%2Fwp%2Fv2%2Ftags&post=3511"}],"curies":[{"name":"wp","href":"https:\/\/api.w.org\/{rel}","templated":true}]}}