{"id":3499,"date":"2024-12-15T17:00:14","date_gmt":"2024-12-15T16:00:14","guid":{"rendered":"http:\/\/www.taekwondo-ates.de\/?p=3499"},"modified":"2024-12-15T17:01:00","modified_gmt":"2024-12-15T16:01:00","slug":"guertelpruefung-abteilung-zell-a-h-biberach-11-12-2024","status":"publish","type":"post","link":"http:\/\/www.taekwondo-ates.de\/?p=3499","title":{"rendered":"<strong>G\u00fcrtelpr\u00fcfung Abteilung Zell a.H.\/Biberach 11.12.2024<\/strong>"},"content":{"rendered":"\n<p>Kurz vor den Winterferien fand eine G\u00fcrtelpr\u00fcfung statt.<\/p>\n\n\n\n<p>Alle Teilnehmer bestanden Ihre G\u00fcrtelpr\u00fcfung.<\/p>\n\n\n\n<p>Herzlichen Gl\u00fcckwunsch!<\/p>\n\n\n\n<figure class=\"wp-block-image size-large\"><a href=\"http:\/\/www.taekwondo-ates.de\/wp-content\/uploads\/2024\/12\/gp1224-scaled.jpg\"><img data-attachment-id=\"3500\" data-permalink=\"http:\/\/www.taekwondo-ates.de\/?attachment_id=3500\" data-orig-file=\"http:\/\/www.taekwondo-ates.de\/wp-content\/uploads\/2024\/12\/gp1224-scaled.jpg\" data-orig-size=\"2560,1209\" data-comments-opened=\"0\" data-image-meta=\"{&quot;aperture&quot;:&quot;1.6&quot;,&quot;credit&quot;:&quot;&quot;,&quot;camera&quot;:&quot;iPhone 13&quot;,&quot;caption&quot;:&quot;&quot;,&quot;created_timestamp&quot;:&quot;1733941815&quot;,&quot;copyright&quot;:&quot;&quot;,&quot;focal_length&quot;:&quot;5.1&quot;,&quot;iso&quot;:&quot;125&quot;,&quot;shutter_speed&quot;:&quot;0.010989010989011&quot;,&quot;title&quot;:&quot;&quot;,&quot;orientation&quot;:&quot;1&quot;}\" data-image-title=\"gp1224\" data-image-description=\"\" data-image-caption=\"\" data-medium-file=\"http:\/\/www.taekwondo-ates.de\/wp-content\/uploads\/2024\/12\/gp1224-300x142.jpg\" data-large-file=\"http:\/\/www.taekwondo-ates.de\/wp-content\/uploads\/2024\/12\/gp1224-1024x484.jpg\" decoding=\"async\" loading=\"lazy\" width=\"1024\" height=\"484\" src=\"http:\/\/www.taekwondo-ates.de\/wp-content\/uploads\/2024\/12\/gp1224-1024x484.jpg\" alt=\"\" class=\"wp-image-3500\" srcset=\"http:\/\/www.taekwondo-ates.de\/wp-content\/uploads\/2024\/12\/gp1224-1024x484.jpg 1024w, http:\/\/www.taekwondo-ates.de\/wp-content\/uploads\/2024\/12\/gp1224-300x142.jpg 300w, http:\/\/www.taekwondo-ates.de\/wp-content\/uploads\/2024\/12\/gp1224-768x363.jpg 768w, http:\/\/www.taekwondo-ates.de\/wp-content\/uploads\/2024\/12\/gp1224-1536x726.jpg 1536w, http:\/\/www.taekwondo-ates.de\/wp-content\/uploads\/2024\/12\/gp1224-2048x968.jpg 2048w, http:\/\/www.taekwondo-ates.de\/wp-content\/uploads\/2024\/12\/gp1224-500x236.jpg 500w\" sizes=\"(max-width: 1024px) 100vw, 1024px\" \/><\/a><\/figure>\n\n\n\n<figure class=\"wp-block-image size-large\"><a href=\"http:\/\/www.taekwondo-ates.de\/wp-content\/uploads\/2024\/12\/gp1224_2.jpg\"><img data-attachment-id=\"3502\" data-permalink=\"http:\/\/www.taekwondo-ates.de\/?attachment_id=3502\" data-orig-file=\"http:\/\/www.taekwondo-ates.de\/wp-content\/uploads\/2024\/12\/gp1224_2.jpg\" data-orig-size=\"2561,2240\" data-comments-opened=\"0\" data-image-meta=\"{&quot;aperture&quot;:&quot;1.6&quot;,&quot;credit&quot;:&quot;&quot;,&quot;camera&quot;:&quot;iPhone 13&quot;,&quot;caption&quot;:&quot;&quot;,&quot;created_timestamp&quot;:&quot;1733944325&quot;,&quot;copyright&quot;:&quot;&quot;,&quot;focal_length&quot;:&quot;5.1&quot;,&quot;iso&quot;:&quot;125&quot;,&quot;shutter_speed&quot;:&quot;0.01&quot;,&quot;title&quot;:&quot;&quot;,&quot;orientation&quot;:&quot;1&quot;}\" data-image-title=\"gp1224_2\" data-image-description=\"\" data-image-caption=\"\" data-medium-file=\"http:\/\/www.taekwondo-ates.de\/wp-content\/uploads\/2024\/12\/gp1224_2-300x262.jpg\" data-large-file=\"http:\/\/www.taekwondo-ates.de\/wp-content\/uploads\/2024\/12\/gp1224_2-1024x896.jpg\" decoding=\"async\" loading=\"lazy\" width=\"1024\" height=\"896\" src=\"http:\/\/www.taekwondo-ates.de\/wp-content\/uploads\/2024\/12\/gp1224_2-1024x896.jpg\" alt=\"\" class=\"wp-image-3502\" srcset=\"http:\/\/www.taekwondo-ates.de\/wp-content\/uploads\/2024\/12\/gp1224_2-1024x896.jpg 1024w, http:\/\/www.taekwondo-ates.de\/wp-content\/uploads\/2024\/12\/gp1224_2-300x262.jpg 300w, http:\/\/www.taekwondo-ates.de\/wp-content\/uploads\/2024\/12\/gp1224_2-768x672.jpg 768w, http:\/\/www.taekwondo-ates.de\/wp-content\/uploads\/2024\/12\/gp1224_2-1536x1343.jpg 1536w, http:\/\/www.taekwondo-ates.de\/wp-content\/uploads\/2024\/12\/gp1224_2-2048x1791.jpg 2048w, http:\/\/www.taekwondo-ates.de\/wp-content\/uploads\/2024\/12\/gp1224_2-343x300.jpg 343w\" sizes=\"(max-width: 1024px) 100vw, 1024px\" \/><\/a><\/figure>\n","protected":false},"excerpt":{"rendered":"<p>Kurz vor den Winterferien fand eine G\u00fcrtelpr\u00fcfung statt. Alle Teilnehmer bestanden Ihre G\u00fcrtelpr\u00fcfung. Herzlichen Gl\u00fcckwunsch!<\/p>\n","protected":false},"author":1,"featured_media":0,"comment_status":"closed","ping_status":"closed","sticky":false,"template":"","format":"standard","meta":{"ngg_post_thumbnail":0,"jetpack_post_was_ever_published":false},"categories":[1],"tags":[],"jetpack_featured_media_url":"","jetpack_shortlink":"https:\/\/wp.me\/p214aU-Ur","jetpack_sharing_enabled":true,"_links":{"self":[{"href":"http:\/\/www.taekwondo-ates.de\/index.php?rest_route=\/wp\/v2\/posts\/3499"}],"collection":[{"href":"http:\/\/www.taekwondo-ates.de\/index.php?rest_route=\/wp\/v2\/posts"}],"about":[{"href":"http:\/\/www.taekwondo-ates.de\/index.php?rest_route=\/wp\/v2\/types\/post"}],"author":[{"embeddable":true,"href":"http:\/\/www.taekwondo-ates.de\/index.php?rest_route=\/wp\/v2\/users\/1"}],"replies":[{"embeddable":true,"href":"http:\/\/www.taekwondo-ates.de\/index.php?rest_route=%2Fwp%2Fv2%2Fcomments&post=3499"}],"version-history":[{"count":2,"href":"http:\/\/www.taekwondo-ates.de\/index.php?rest_route=\/wp\/v2\/posts\/3499\/revisions"}],"predecessor-version":[{"id":3503,"href":"http:\/\/www.taekwondo-ates.de\/index.php?rest_route=\/wp\/v2\/posts\/3499\/revisions\/3503"}],"wp:attachment":[{"href":"http:\/\/www.taekwondo-ates.de\/index.php?rest_route=%2Fwp%2Fv2%2Fmedia&parent=3499"}],"wp:term":[{"taxonomy":"category","embeddable":true,"href":"http:\/\/www.taekwondo-ates.de\/index.php?rest_route=%2Fwp%2Fv2%2Fcategories&post=3499"},{"taxonomy":"post_tag","embeddable":true,"href":"http:\/\/www.taekwondo-ates.de\/index.php?rest_route=%2Fwp%2Fv2%2Ftags&post=3499"}],"curies":[{"name":"wp","href":"https:\/\/api.w.org\/{rel}","templated":true}]}}