{"id":3481,"date":"2024-11-27T16:41:49","date_gmt":"2024-11-27T15:41:49","guid":{"rendered":"http:\/\/www.taekwondo-ates.de\/?p=3481"},"modified":"2024-12-15T16:53:31","modified_gmt":"2024-12-15T15:53:31","slug":"kids-cup-2024","status":"publish","type":"post","link":"http:\/\/www.taekwondo-ates.de\/?p=3481","title":{"rendered":"Kids-Cup 2024"},"content":{"rendered":"\n<p>Beim vereinsinternen Kinderturnier, dem Kids-Cup, in Gengenbach erreichten alle Kinder eine Medaille und die erstplatzierten einen Pokal.<\/p>\n\n\n\n<p>\u00dcber 50 teilnehmende Kinder freuten sich \u00fcber Ihre Medaillen und Pokale.<\/p>\n\n\n\n<p>Besonders stolz war Trainer Aydin Ates auf die drei j\u00fcngsten Teilnehmerinnen, die mit ihren erst 4 Jahren in der Gewichtsklasse Bambinis bis -16kg eine gro\u00dfartige Leistung gezeigt haben: Liliy Piehl (3.Platz), Jule Diener (2.Platz) und Esma Batir (1.Platz).<\/p>\n\n\n\n<figure class=\"wp-block-image size-large\"><a href=\"http:\/\/www.taekwondo-ates.de\/wp-content\/uploads\/2024\/12\/Mannschaftsbild_KidsCup24-scaled.jpg\"><img data-attachment-id=\"3482\" data-permalink=\"http:\/\/www.taekwondo-ates.de\/?attachment_id=3482\" data-orig-file=\"http:\/\/www.taekwondo-ates.de\/wp-content\/uploads\/2024\/12\/Mannschaftsbild_KidsCup24-scaled.jpg\" data-orig-size=\"2560,1368\" data-comments-opened=\"0\" data-image-meta=\"{&quot;aperture&quot;:&quot;2.4&quot;,&quot;credit&quot;:&quot;&quot;,&quot;camera&quot;:&quot;iPhone 13&quot;,&quot;caption&quot;:&quot;&quot;,&quot;created_timestamp&quot;:&quot;1732819078&quot;,&quot;copyright&quot;:&quot;&quot;,&quot;focal_length&quot;:&quot;1.54&quot;,&quot;iso&quot;:&quot;320&quot;,&quot;shutter_speed&quot;:&quot;0.02&quot;,&quot;title&quot;:&quot;&quot;,&quot;orientation&quot;:&quot;1&quot;}\" data-image-title=\"Mannschaftsbild_KidsCup24\" data-image-description=\"\" data-image-caption=\"\" data-medium-file=\"http:\/\/www.taekwondo-ates.de\/wp-content\/uploads\/2024\/12\/Mannschaftsbild_KidsCup24-300x160.jpg\" data-large-file=\"http:\/\/www.taekwondo-ates.de\/wp-content\/uploads\/2024\/12\/Mannschaftsbild_KidsCup24-1024x547.jpg\" decoding=\"async\" loading=\"lazy\" width=\"1024\" height=\"547\" src=\"http:\/\/www.taekwondo-ates.de\/wp-content\/uploads\/2024\/12\/Mannschaftsbild_KidsCup24-1024x547.jpg\" alt=\"\" class=\"wp-image-3482\" srcset=\"http:\/\/www.taekwondo-ates.de\/wp-content\/uploads\/2024\/12\/Mannschaftsbild_KidsCup24-1024x547.jpg 1024w, http:\/\/www.taekwondo-ates.de\/wp-content\/uploads\/2024\/12\/Mannschaftsbild_KidsCup24-300x160.jpg 300w, http:\/\/www.taekwondo-ates.de\/wp-content\/uploads\/2024\/12\/Mannschaftsbild_KidsCup24-768x410.jpg 768w, http:\/\/www.taekwondo-ates.de\/wp-content\/uploads\/2024\/12\/Mannschaftsbild_KidsCup24-1536x821.jpg 1536w, http:\/\/www.taekwondo-ates.de\/wp-content\/uploads\/2024\/12\/Mannschaftsbild_KidsCup24-2048x1094.jpg 2048w, http:\/\/www.taekwondo-ates.de\/wp-content\/uploads\/2024\/12\/Mannschaftsbild_KidsCup24-500x267.jpg 500w\" sizes=\"(max-width: 1024px) 100vw, 1024px\" \/><\/a><figcaption class=\"wp-element-caption\"><strong><u>Vorne von links<\/u><\/strong><br>Ceylin Sen 1.Pl., Milana Rogaschewski 2.Pl., Jule Diener 2.Pl., Lili Piehl 3.Pl., Esma Batir 1.Pl., Michel Piehl 1.Pl., Alpay Batir 1.Pl., Ali-Younes Mutlu 2.Pl., Nico Heitzmann 2.Pl.<br>&nbsp;<br><strong><u>Zweite Reihe von links<\/u><\/strong><br>Levin Sen 1.Pl., Ellen Bruder 3.Pl., Tabea Schultz 1.Pl., Charlie Hoferer 2.Pl., Kira Gerdt 2.Pl., Hennig Maier 2.Pl., Luca Hofmann 2.Pl., Enisa Demir 1.Pl., Samuel Volk 2.Pl.<br>&nbsp;<br><strong><u>Hintere Reihe von links<\/u><\/strong><br>Lian Yildiz 1.Pl., Adam Kadoura 1.Pl., Malia Rogaschewski 1.Pl., Benedikt Bruder 1.Pl., Leonie Sepp 2.Pl., Benjamin Wurtz 1.Pl.<\/figcaption><\/figure>\n\n\n\n<figure class=\"wp-block-image size-large\"><a href=\"http:\/\/www.taekwondo-ates.de\/wp-content\/uploads\/2024\/12\/Mannschaftsbild_KidsCup24_2-scaled.jpg\"><img data-attachment-id=\"3491\" data-permalink=\"http:\/\/www.taekwondo-ates.de\/?attachment_id=3491\" data-orig-file=\"http:\/\/www.taekwondo-ates.de\/wp-content\/uploads\/2024\/12\/Mannschaftsbild_KidsCup24_2-scaled.jpg\" data-orig-size=\"2560,1698\" data-comments-opened=\"0\" data-image-meta=\"{&quot;aperture&quot;:&quot;2.4&quot;,&quot;credit&quot;:&quot;&quot;,&quot;camera&quot;:&quot;iPhone 13&quot;,&quot;caption&quot;:&quot;&quot;,&quot;created_timestamp&quot;:&quot;1732822190&quot;,&quot;copyright&quot;:&quot;&quot;,&quot;focal_length&quot;:&quot;1.54&quot;,&quot;iso&quot;:&quot;400&quot;,&quot;shutter_speed&quot;:&quot;0.02&quot;,&quot;title&quot;:&quot;&quot;,&quot;orientation&quot;:&quot;1&quot;}\" data-image-title=\"Mannschaftsbild_KidsCup24_2\" data-image-description=\"\" data-image-caption=\"\" data-medium-file=\"http:\/\/www.taekwondo-ates.de\/wp-content\/uploads\/2024\/12\/Mannschaftsbild_KidsCup24_2-300x199.jpg\" data-large-file=\"http:\/\/www.taekwondo-ates.de\/wp-content\/uploads\/2024\/12\/Mannschaftsbild_KidsCup24_2-1024x679.jpg\" decoding=\"async\" loading=\"lazy\" width=\"1024\" height=\"679\" src=\"http:\/\/www.taekwondo-ates.de\/wp-content\/uploads\/2024\/12\/Mannschaftsbild_KidsCup24_2-1024x679.jpg\" alt=\"\" class=\"wp-image-3491\" srcset=\"http:\/\/www.taekwondo-ates.de\/wp-content\/uploads\/2024\/12\/Mannschaftsbild_KidsCup24_2-1024x679.jpg 1024w, http:\/\/www.taekwondo-ates.de\/wp-content\/uploads\/2024\/12\/Mannschaftsbild_KidsCup24_2-300x199.jpg 300w, http:\/\/www.taekwondo-ates.de\/wp-content\/uploads\/2024\/12\/Mannschaftsbild_KidsCup24_2-768x510.jpg 768w, http:\/\/www.taekwondo-ates.de\/wp-content\/uploads\/2024\/12\/Mannschaftsbild_KidsCup24_2-1536x1019.jpg 1536w, http:\/\/www.taekwondo-ates.de\/wp-content\/uploads\/2024\/12\/Mannschaftsbild_KidsCup24_2-2048x1359.jpg 2048w, http:\/\/www.taekwondo-ates.de\/wp-content\/uploads\/2024\/12\/Mannschaftsbild_KidsCup24_2-452x300.jpg 452w\" sizes=\"(max-width: 1024px) 100vw, 1024px\" \/><\/a><figcaption class=\"wp-element-caption\">Leon Fabrizius 2.Pl., Rion Lachmann 1.Pl., Malik Mutlu 1.Pl., Silas M\u00fcller 2.Pl., Lucian Vargas 2.Pl., Malea Haase 1.Pl., Michail Bodarev 3.Pl., Jakob Grafm\u00fcller 2.Pl.,\u00a0Greta Lehmann 1.Pl., Dana Schwendenmann 2.Pl. Larissa S\u00f6r\u00f6s 1.Pl., Viktoria Wild 1.Pl., Etienne M\u00fcller 2.Pl. Maxim Rogaschewski 2.Pl., Theresa Lo Bello 2.Pl. Tabea Haas 1.Pl., Berat Kaya 2.Pl., Sami Ben Hadj 2.Pl., Fabian Neumaier 1.Pl. ,Hendrik Bruder 1.Pl., Johanna Wurtz 2.Pl., Thiagao Vargas 1.Pl.<\/figcaption><\/figure>\n\n\n\n<figure class=\"wp-block-image size-large\"><a href=\"http:\/\/www.taekwondo-ates.de\/wp-content\/uploads\/2024\/12\/Pokale24-scaled.jpg\"><img data-attachment-id=\"3493\" data-permalink=\"http:\/\/www.taekwondo-ates.de\/?attachment_id=3493\" data-orig-file=\"http:\/\/www.taekwondo-ates.de\/wp-content\/uploads\/2024\/12\/Pokale24-scaled.jpg\" data-orig-size=\"2560,1920\" data-comments-opened=\"0\" data-image-meta=\"{&quot;aperture&quot;:&quot;1.6&quot;,&quot;credit&quot;:&quot;&quot;,&quot;camera&quot;:&quot;iPhone 13&quot;,&quot;caption&quot;:&quot;&quot;,&quot;created_timestamp&quot;:&quot;1732814356&quot;,&quot;copyright&quot;:&quot;&quot;,&quot;focal_length&quot;:&quot;5.1&quot;,&quot;iso&quot;:&quot;160&quot;,&quot;shutter_speed&quot;:&quot;0.02&quot;,&quot;title&quot;:&quot;&quot;,&quot;orientation&quot;:&quot;1&quot;}\" data-image-title=\"Pokale24\" data-image-description=\"\" data-image-caption=\"\" data-medium-file=\"http:\/\/www.taekwondo-ates.de\/wp-content\/uploads\/2024\/12\/Pokale24-300x225.jpg\" data-large-file=\"http:\/\/www.taekwondo-ates.de\/wp-content\/uploads\/2024\/12\/Pokale24-1024x768.jpg\" decoding=\"async\" loading=\"lazy\" width=\"1024\" height=\"768\" src=\"http:\/\/www.taekwondo-ates.de\/wp-content\/uploads\/2024\/12\/Pokale24-1024x768.jpg\" alt=\"\" class=\"wp-image-3493\" srcset=\"http:\/\/www.taekwondo-ates.de\/wp-content\/uploads\/2024\/12\/Pokale24-1024x768.jpg 1024w, http:\/\/www.taekwondo-ates.de\/wp-content\/uploads\/2024\/12\/Pokale24-300x225.jpg 300w, http:\/\/www.taekwondo-ates.de\/wp-content\/uploads\/2024\/12\/Pokale24-768x576.jpg 768w, http:\/\/www.taekwondo-ates.de\/wp-content\/uploads\/2024\/12\/Pokale24-1536x1152.jpg 1536w, http:\/\/www.taekwondo-ates.de\/wp-content\/uploads\/2024\/12\/Pokale24-2048x1536.jpg 2048w, http:\/\/www.taekwondo-ates.de\/wp-content\/uploads\/2024\/12\/Pokale24-400x300.jpg 400w\" sizes=\"(max-width: 1024px) 100vw, 1024px\" \/><\/a><\/figure>\n","protected":false},"excerpt":{"rendered":"<p>Beim vereinsinternen Kinderturnier, dem Kids-Cup, in Gengenbach erreichten alle Kinder eine Medaille und die erstplatzierten einen Pokal. \u00dcber 50 teilnehmende Kinder freuten sich \u00fcber Ihre Medaillen und Pokale. Besonders stolz war Trainer Aydin Ates auf die drei j\u00fcngsten Teilnehmerinnen, die &hellip; <a href=\"http:\/\/www.taekwondo-ates.de\/?p=3481\">Weiterlesen <span class=\"meta-nav\">&rarr;<\/span><\/a><\/p>\n","protected":false},"author":1,"featured_media":0,"comment_status":"closed","ping_status":"closed","sticky":false,"template":"","format":"standard","meta":{"ngg_post_thumbnail":0,"jetpack_post_was_ever_published":false},"categories":[4,6],"tags":[],"jetpack_featured_media_url":"","jetpack_shortlink":"https:\/\/wp.me\/p214aU-U9","jetpack_sharing_enabled":true,"_links":{"self":[{"href":"http:\/\/www.taekwondo-ates.de\/index.php?rest_route=\/wp\/v2\/posts\/3481"}],"collection":[{"href":"http:\/\/www.taekwondo-ates.de\/index.php?rest_route=\/wp\/v2\/posts"}],"about":[{"href":"http:\/\/www.taekwondo-ates.de\/index.php?rest_route=\/wp\/v2\/types\/post"}],"author":[{"embeddable":true,"href":"http:\/\/www.taekwondo-ates.de\/index.php?rest_route=\/wp\/v2\/users\/1"}],"replies":[{"embeddable":true,"href":"http:\/\/www.taekwondo-ates.de\/index.php?rest_route=%2Fwp%2Fv2%2Fcomments&post=3481"}],"version-history":[{"count":3,"href":"http:\/\/www.taekwondo-ates.de\/index.php?rest_route=\/wp\/v2\/posts\/3481\/revisions"}],"predecessor-version":[{"id":3494,"href":"http:\/\/www.taekwondo-ates.de\/index.php?rest_route=\/wp\/v2\/posts\/3481\/revisions\/3494"}],"wp:attachment":[{"href":"http:\/\/www.taekwondo-ates.de\/index.php?rest_route=%2Fwp%2Fv2%2Fmedia&parent=3481"}],"wp:term":[{"taxonomy":"category","embeddable":true,"href":"http:\/\/www.taekwondo-ates.de\/index.php?rest_route=%2Fwp%2Fv2%2Fcategories&post=3481"},{"taxonomy":"post_tag","embeddable":true,"href":"http:\/\/www.taekwondo-ates.de\/index.php?rest_route=%2Fwp%2Fv2%2Ftags&post=3481"}],"curies":[{"name":"wp","href":"https:\/\/api.w.org\/{rel}","templated":true}]}}