{"id":3444,"date":"2024-04-08T08:51:46","date_gmt":"2024-04-08T07:51:46","guid":{"rendered":"http:\/\/www.taekwondo-ates.de\/?p=3444"},"modified":"2024-04-22T08:55:26","modified_gmt":"2024-04-22T07:55:26","slug":"taekwondo-schwarzgurt-pruefung-in-gengenbach-07-04-2024","status":"publish","type":"post","link":"http:\/\/www.taekwondo-ates.de\/?p=3444","title":{"rendered":"<strong>Taekwondo Schwarzgurt-Pr\u00fcfung in Gengenbach 07.04.2024<\/strong>"},"content":{"rendered":"\n<p>Weitere 14 Sch\u00fcler von Taekwondo Ates bestanden erfolgreich die Schwarzgurt-Pr\u00fcfung.<br>Alle Sch\u00fcler konnten sich \u00fcber gute Leistungen und die bestandene Schwarzgurt-Pr\u00fcfung freuen.<\/p>\n\n\n\n<figure class=\"wp-block-image size-large\"><a href=\"http:\/\/www.taekwondo-ates.de\/wp-content\/uploads\/2024\/04\/dan1.png\"><img data-attachment-id=\"3445\" data-permalink=\"http:\/\/www.taekwondo-ates.de\/?attachment_id=3445\" data-orig-file=\"http:\/\/www.taekwondo-ates.de\/wp-content\/uploads\/2024\/04\/dan1.png\" data-orig-size=\"1140,411\" data-comments-opened=\"0\" data-image-meta=\"{&quot;aperture&quot;:&quot;0&quot;,&quot;credit&quot;:&quot;&quot;,&quot;camera&quot;:&quot;&quot;,&quot;caption&quot;:&quot;&quot;,&quot;created_timestamp&quot;:&quot;0&quot;,&quot;copyright&quot;:&quot;&quot;,&quot;focal_length&quot;:&quot;0&quot;,&quot;iso&quot;:&quot;0&quot;,&quot;shutter_speed&quot;:&quot;0&quot;,&quot;title&quot;:&quot;&quot;,&quot;orientation&quot;:&quot;0&quot;}\" data-image-title=\"dan1\" data-image-description=\"\" data-image-caption=\"\" data-medium-file=\"http:\/\/www.taekwondo-ates.de\/wp-content\/uploads\/2024\/04\/dan1-300x108.png\" data-large-file=\"http:\/\/www.taekwondo-ates.de\/wp-content\/uploads\/2024\/04\/dan1-1024x369.png\" decoding=\"async\" loading=\"lazy\" width=\"1024\" height=\"369\" src=\"http:\/\/www.taekwondo-ates.de\/wp-content\/uploads\/2024\/04\/dan1-1024x369.png\" alt=\"\" class=\"wp-image-3445\" srcset=\"http:\/\/www.taekwondo-ates.de\/wp-content\/uploads\/2024\/04\/dan1-1024x369.png 1024w, http:\/\/www.taekwondo-ates.de\/wp-content\/uploads\/2024\/04\/dan1-300x108.png 300w, http:\/\/www.taekwondo-ates.de\/wp-content\/uploads\/2024\/04\/dan1-768x277.png 768w, http:\/\/www.taekwondo-ates.de\/wp-content\/uploads\/2024\/04\/dan1-500x180.png 500w, http:\/\/www.taekwondo-ates.de\/wp-content\/uploads\/2024\/04\/dan1.png 1140w\" sizes=\"(max-width: 1024px) 100vw, 1024px\" \/><\/a><figcaption class=\"wp-element-caption\"><strong>Bild\u00a0von links:<br><\/strong>Fabian Brucher, Eduard Schwagerus, Anastazja Byczkiewicz, Lilla Byczkiewicz, Fanny Friedmann, Roland B\u00fcrkle, Dominik Byczkiewicz<\/figcaption><\/figure>\n\n\n\n<figure class=\"wp-block-image size-large\"><a href=\"http:\/\/www.taekwondo-ates.de\/wp-content\/uploads\/2024\/04\/Dan2.png\"><img data-attachment-id=\"3446\" data-permalink=\"http:\/\/www.taekwondo-ates.de\/?attachment_id=3446\" data-orig-file=\"http:\/\/www.taekwondo-ates.de\/wp-content\/uploads\/2024\/04\/Dan2.png\" data-orig-size=\"1175,443\" data-comments-opened=\"0\" data-image-meta=\"{&quot;aperture&quot;:&quot;0&quot;,&quot;credit&quot;:&quot;&quot;,&quot;camera&quot;:&quot;&quot;,&quot;caption&quot;:&quot;&quot;,&quot;created_timestamp&quot;:&quot;0&quot;,&quot;copyright&quot;:&quot;&quot;,&quot;focal_length&quot;:&quot;0&quot;,&quot;iso&quot;:&quot;0&quot;,&quot;shutter_speed&quot;:&quot;0&quot;,&quot;title&quot;:&quot;&quot;,&quot;orientation&quot;:&quot;0&quot;}\" data-image-title=\"Dan2\" data-image-description=\"\" data-image-caption=\"\" data-medium-file=\"http:\/\/www.taekwondo-ates.de\/wp-content\/uploads\/2024\/04\/Dan2-300x113.png\" data-large-file=\"http:\/\/www.taekwondo-ates.de\/wp-content\/uploads\/2024\/04\/Dan2-1024x386.png\" decoding=\"async\" loading=\"lazy\" width=\"1024\" height=\"386\" src=\"http:\/\/www.taekwondo-ates.de\/wp-content\/uploads\/2024\/04\/Dan2-1024x386.png\" alt=\"\" class=\"wp-image-3446\" srcset=\"http:\/\/www.taekwondo-ates.de\/wp-content\/uploads\/2024\/04\/Dan2-1024x386.png 1024w, http:\/\/www.taekwondo-ates.de\/wp-content\/uploads\/2024\/04\/Dan2-300x113.png 300w, http:\/\/www.taekwondo-ates.de\/wp-content\/uploads\/2024\/04\/Dan2-768x290.png 768w, http:\/\/www.taekwondo-ates.de\/wp-content\/uploads\/2024\/04\/Dan2-500x189.png 500w, http:\/\/www.taekwondo-ates.de\/wp-content\/uploads\/2024\/04\/Dan2.png 1175w\" sizes=\"(max-width: 1024px) 100vw, 1024px\" \/><\/a><figcaption class=\"wp-element-caption\"><strong>Bild von links:<br><\/strong>Leonie Sepp, Emelie Sepp, Marielle Bau, Sophie Maselko, Liam B\u00fcrkle, Mats Friedmann, Hendrik Bruder<\/figcaption><\/figure>\n","protected":false},"excerpt":{"rendered":"<p>Weitere 14 Sch\u00fcler von Taekwondo Ates bestanden erfolgreich die Schwarzgurt-Pr\u00fcfung.Alle Sch\u00fcler konnten sich \u00fcber gute Leistungen und die bestandene Schwarzgurt-Pr\u00fcfung freuen.<\/p>\n","protected":false},"author":1,"featured_media":0,"comment_status":"closed","ping_status":"closed","sticky":false,"template":"","format":"standard","meta":{"ngg_post_thumbnail":0,"jetpack_post_was_ever_published":false},"categories":[1,4],"tags":[45],"jetpack_featured_media_url":"","jetpack_shortlink":"https:\/\/wp.me\/p214aU-Ty","jetpack_sharing_enabled":true,"_links":{"self":[{"href":"http:\/\/www.taekwondo-ates.de\/index.php?rest_route=\/wp\/v2\/posts\/3444"}],"collection":[{"href":"http:\/\/www.taekwondo-ates.de\/index.php?rest_route=\/wp\/v2\/posts"}],"about":[{"href":"http:\/\/www.taekwondo-ates.de\/index.php?rest_route=\/wp\/v2\/types\/post"}],"author":[{"embeddable":true,"href":"http:\/\/www.taekwondo-ates.de\/index.php?rest_route=\/wp\/v2\/users\/1"}],"replies":[{"embeddable":true,"href":"http:\/\/www.taekwondo-ates.de\/index.php?rest_route=%2Fwp%2Fv2%2Fcomments&post=3444"}],"version-history":[{"count":1,"href":"http:\/\/www.taekwondo-ates.de\/index.php?rest_route=\/wp\/v2\/posts\/3444\/revisions"}],"predecessor-version":[{"id":3447,"href":"http:\/\/www.taekwondo-ates.de\/index.php?rest_route=\/wp\/v2\/posts\/3444\/revisions\/3447"}],"wp:attachment":[{"href":"http:\/\/www.taekwondo-ates.de\/index.php?rest_route=%2Fwp%2Fv2%2Fmedia&parent=3444"}],"wp:term":[{"taxonomy":"category","embeddable":true,"href":"http:\/\/www.taekwondo-ates.de\/index.php?rest_route=%2Fwp%2Fv2%2Fcategories&post=3444"},{"taxonomy":"post_tag","embeddable":true,"href":"http:\/\/www.taekwondo-ates.de\/index.php?rest_route=%2Fwp%2Fv2%2Ftags&post=3444"}],"curies":[{"name":"wp","href":"https:\/\/api.w.org\/{rel}","templated":true}]}}