{"id":2707,"date":"2019-04-02T18:12:50","date_gmt":"2019-04-02T17:12:50","guid":{"rendered":"http:\/\/www.taekwondo-ates.de\/?p=2707"},"modified":"2019-04-02T18:12:50","modified_gmt":"2019-04-02T17:12:50","slug":"mitgliederversammlung-der-tubw-10-03-19","status":"publish","type":"post","link":"http:\/\/www.taekwondo-ates.de\/?p=2707","title":{"rendered":"Mitgliederversammlung der TUBW 10.03.19"},"content":{"rendered":"<div id=\"attachment_2643\" style=\"width: 209px\" class=\"wp-caption alignleft\"><a href=\"http:\/\/www.taekwondo-ates.de\/wp-content\/uploads\/2011\/04\/michael-fotografiert-0005-bearbeitet.jpg\"><img aria-describedby=\"caption-attachment-2643\" data-attachment-id=\"2643\" data-permalink=\"http:\/\/www.taekwondo-ates.de\/?attachment_id=2643\" data-orig-file=\"http:\/\/www.taekwondo-ates.de\/wp-content\/uploads\/2011\/04\/michael-fotografiert-0005-bearbeitet.jpg\" data-orig-size=\"450,676\" data-comments-opened=\"0\" data-image-meta=\"{&quot;aperture&quot;:&quot;5.6&quot;,&quot;credit&quot;:&quot;Michael Rosenstiel&quot;,&quot;camera&quot;:&quot;NIKON D3S&quot;,&quot;caption&quot;:&quot;&quot;,&quot;created_timestamp&quot;:&quot;1546859938&quot;,&quot;copyright&quot;:&quot;Michael Rosenstiel&quot;,&quot;focal_length&quot;:&quot;75&quot;,&quot;iso&quot;:&quot;200&quot;,&quot;shutter_speed&quot;:&quot;0.00625&quot;,&quot;title&quot;:&quot;&quot;}\" data-image-title=\"michael-fotografiert &#8211; 0005 &#8211; bearbeitet\" data-image-description=\"\" data-image-caption=\"&lt;p&gt;Foto: michael-fotografiert.de \/ Michael Rosenstiel&lt;\/p&gt;\n\" data-medium-file=\"http:\/\/www.taekwondo-ates.de\/wp-content\/uploads\/2011\/04\/michael-fotografiert-0005-bearbeitet-199x300.jpg\" data-large-file=\"http:\/\/www.taekwondo-ates.de\/wp-content\/uploads\/2011\/04\/michael-fotografiert-0005-bearbeitet.jpg\" decoding=\"async\" loading=\"lazy\" class=\"size-medium wp-image-2643\" alt=\"Foto: michael-fotografiert.de \/ Michael Rosenstiel\" src=\"http:\/\/www.taekwondo-ates.de\/wp-content\/uploads\/2011\/04\/michael-fotografiert-0005-bearbeitet-199x300.jpg\" width=\"199\" height=\"300\" srcset=\"http:\/\/www.taekwondo-ates.de\/wp-content\/uploads\/2011\/04\/michael-fotografiert-0005-bearbeitet-199x300.jpg 199w, http:\/\/www.taekwondo-ates.de\/wp-content\/uploads\/2011\/04\/michael-fotografiert-0005-bearbeitet.jpg 450w\" sizes=\"(max-width: 199px) 100vw, 199px\" \/><\/a><p id=\"caption-attachment-2643\" class=\"wp-caption-text\">Foto: michael-fotografiert.de \/ Michael Rosenstiel<\/p><\/div>\n<p>Am Sonntag, 10.03. fand die Mitgliederversammlung des Landesverbandes der Taekwondo Union Baden-W\u00fcrttemberg in Reutlingen statt.<\/p>\n<p>Im Rahmen der Vorstandswahlen wurde Aydin Ates Vorstand und langj\u00e4hriger Trainer von Taekwondo Ates e.V. zum\u00a0Stellvertretenden Jugendreferenten des Landesverbandes Baden-W\u00fcrttemberg gew\u00e4hlt.<\/p>\n<p>Ich freue mich \u00fcber das Vertrauen, das mir die Verbandsmitglieder und Vorstandsmitglieder bei der Ernennung zum stellvertretenden Jugendreferent entgegengebracht haben.\u00a0Ich freue mich, die f\u00fcr mich neue ehrenamtliche Arbeit aufzunehmen und unterst\u00fctze gerne mit vollem Einsatz, Elan meiner Erfahrung und meinem Wissen die TUBW und Herrn Jin Kwak.<\/p>\n","protected":false},"excerpt":{"rendered":"<p>Am Sonntag, 10.03. fand die Mitgliederversammlung des Landesverbandes der Taekwondo Union Baden-W\u00fcrttemberg in Reutlingen statt. Im Rahmen der Vorstandswahlen wurde Aydin Ates Vorstand und langj\u00e4hriger Trainer von Taekwondo Ates e.V. zum\u00a0Stellvertretenden Jugendreferenten des Landesverbandes Baden-W\u00fcrttemberg gew\u00e4hlt. Ich freue mich \u00fcber &hellip; <a href=\"http:\/\/www.taekwondo-ates.de\/?p=2707\">Weiterlesen <span class=\"meta-nav\">&rarr;<\/span><\/a><\/p>\n","protected":false},"author":1,"featured_media":0,"comment_status":"closed","ping_status":"closed","sticky":false,"template":"","format":"standard","meta":{"ngg_post_thumbnail":0,"jetpack_post_was_ever_published":false},"categories":[1,4],"tags":[],"jetpack_featured_media_url":"","jetpack_shortlink":"https:\/\/wp.me\/p214aU-HF","jetpack_sharing_enabled":true,"_links":{"self":[{"href":"http:\/\/www.taekwondo-ates.de\/index.php?rest_route=\/wp\/v2\/posts\/2707"}],"collection":[{"href":"http:\/\/www.taekwondo-ates.de\/index.php?rest_route=\/wp\/v2\/posts"}],"about":[{"href":"http:\/\/www.taekwondo-ates.de\/index.php?rest_route=\/wp\/v2\/types\/post"}],"author":[{"embeddable":true,"href":"http:\/\/www.taekwondo-ates.de\/index.php?rest_route=\/wp\/v2\/users\/1"}],"replies":[{"embeddable":true,"href":"http:\/\/www.taekwondo-ates.de\/index.php?rest_route=%2Fwp%2Fv2%2Fcomments&post=2707"}],"version-history":[{"count":1,"href":"http:\/\/www.taekwondo-ates.de\/index.php?rest_route=\/wp\/v2\/posts\/2707\/revisions"}],"predecessor-version":[{"id":2708,"href":"http:\/\/www.taekwondo-ates.de\/index.php?rest_route=\/wp\/v2\/posts\/2707\/revisions\/2708"}],"wp:attachment":[{"href":"http:\/\/www.taekwondo-ates.de\/index.php?rest_route=%2Fwp%2Fv2%2Fmedia&parent=2707"}],"wp:term":[{"taxonomy":"category","embeddable":true,"href":"http:\/\/www.taekwondo-ates.de\/index.php?rest_route=%2Fwp%2Fv2%2Fcategories&post=2707"},{"taxonomy":"post_tag","embeddable":true,"href":"http:\/\/www.taekwondo-ates.de\/index.php?rest_route=%2Fwp%2Fv2%2Ftags&post=2707"}],"curies":[{"name":"wp","href":"https:\/\/api.w.org\/{rel}","templated":true}]}}