{"id":2697,"date":"2019-03-24T19:53:06","date_gmt":"2019-03-24T18:53:06","guid":{"rendered":"http:\/\/www.taekwondo-ates.de\/?p=2697"},"modified":"2019-03-24T19:53:06","modified_gmt":"2019-03-24T18:53:06","slug":"taekwondo-gurtelprufung-20-03-19-in-gengenbach","status":"publish","type":"post","link":"http:\/\/www.taekwondo-ates.de\/?p=2697","title":{"rendered":"Taekwondo G\u00fcrtelpr\u00fcfung 20.03.19 in Gengenbach"},"content":{"rendered":"<p>Insgesamt\u00a0ca. 30\u00a0Pr\u00fcflinge stellten sich den\u00a0Pr\u00fcfungsanforderungen, die ihrer jeweiligen Graduierung abverlangt werden.<br \/>\n11\u00a0Sch\u00fcler absolvierten\u00a0ihre erste G\u00fcrtelpr\u00fcfung souver\u00e4n. Dank guter Vorbereitung konnten\u00a0alle\u00a0Teilnehmer bestehen und erreichten somit denn n\u00e4chst h\u00f6heren G\u00fcrtel.<\/p>\n<p><a href=\"http:\/\/www.taekwondo-ates.de\/wp-content\/uploads\/2019\/03\/GuertelpruefungGB_01.jpg\"><img data-attachment-id=\"2685\" data-permalink=\"http:\/\/www.taekwondo-ates.de\/?attachment_id=2685\" data-orig-file=\"http:\/\/www.taekwondo-ates.de\/wp-content\/uploads\/2019\/03\/GuertelpruefungGB_01.jpg\" data-orig-size=\"800,1067\" data-comments-opened=\"0\" data-image-meta=\"{&quot;aperture&quot;:&quot;0&quot;,&quot;credit&quot;:&quot;&quot;,&quot;camera&quot;:&quot;&quot;,&quot;caption&quot;:&quot;&quot;,&quot;created_timestamp&quot;:&quot;0&quot;,&quot;copyright&quot;:&quot;&quot;,&quot;focal_length&quot;:&quot;0&quot;,&quot;iso&quot;:&quot;0&quot;,&quot;shutter_speed&quot;:&quot;0&quot;,&quot;title&quot;:&quot;&quot;}\" data-image-title=\"GuertelpruefungGB_01\" data-image-description=\"\" data-image-caption=\"\" data-medium-file=\"http:\/\/www.taekwondo-ates.de\/wp-content\/uploads\/2019\/03\/GuertelpruefungGB_01-224x300.jpg\" data-large-file=\"http:\/\/www.taekwondo-ates.de\/wp-content\/uploads\/2019\/03\/GuertelpruefungGB_01-767x1024.jpg\" decoding=\"async\" loading=\"lazy\" class=\"aligncenter size-large wp-image-2685\" alt=\"GuertelpruefungGB_01\" src=\"http:\/\/www.taekwondo-ates.de\/wp-content\/uploads\/2019\/03\/GuertelpruefungGB_01-767x1024.jpg\" width=\"584\" height=\"779\" srcset=\"http:\/\/www.taekwondo-ates.de\/wp-content\/uploads\/2019\/03\/GuertelpruefungGB_01-767x1024.jpg 767w, http:\/\/www.taekwondo-ates.de\/wp-content\/uploads\/2019\/03\/GuertelpruefungGB_01-224x300.jpg 224w, http:\/\/www.taekwondo-ates.de\/wp-content\/uploads\/2019\/03\/GuertelpruefungGB_01.jpg 800w\" sizes=\"(max-width: 584px) 100vw, 584px\" \/><\/a><\/p>\n<p><span style=\"text-decoration: underline;\">Vorne von links:<br \/>\n<\/span>Silas Irslinger, David Ganzera, Joel Waslikowski, Liv Lehmann, Johanna Birk<\/p>\n<p><span style=\"text-decoration-line: underline;\">Hinten von links:<br \/>\n<\/span>Johann Allgaier, Ali Alhomsi, Louis Wallisch, Julius Hensler, Joud Alhomsi<\/p>\n\n\t\t<style type=\"text\/css\">\n\t\t\t#gallery-1 {\n\t\t\t\tmargin: auto;\n\t\t\t}\n\t\t\t#gallery-1 .gallery-item {\n\t\t\t\tfloat: left;\n\t\t\t\tmargin-top: 10px;\n\t\t\t\ttext-align: center;\n\t\t\t\twidth: 50%;\n\t\t\t}\n\t\t\t#gallery-1 img {\n\t\t\t\tborder: 2px solid #cfcfcf;\n\t\t\t}\n\t\t\t#gallery-1 .gallery-caption {\n\t\t\t\tmargin-left: 0;\n\t\t\t}\n\t\t\t\/* see gallery_shortcode() in wp-includes\/media.php *\/\n\t\t<\/style>\n\t\t<div data-carousel-extra='{\"blog_id\":1,\"permalink\":\"http:\\\/\\\/www.taekwondo-ates.de\\\/?p=2697\"}' id='gallery-1' class='gallery galleryid-2697 gallery-columns-2 gallery-size-thumbnail'><dl class='gallery-item'>\n\t\t\t<dt class='gallery-icon portrait'>\n\t\t\t\t<a href='http:\/\/www.taekwondo-ates.de\/?attachment_id=2685'><img width=\"150\" height=\"150\" src=\"http:\/\/www.taekwondo-ates.de\/wp-content\/uploads\/2019\/03\/GuertelpruefungGB_01-150x150.jpg\" class=\"attachment-thumbnail size-thumbnail\" alt=\"\" decoding=\"async\" loading=\"lazy\" data-attachment-id=\"2685\" data-permalink=\"http:\/\/www.taekwondo-ates.de\/?attachment_id=2685\" data-orig-file=\"http:\/\/www.taekwondo-ates.de\/wp-content\/uploads\/2019\/03\/GuertelpruefungGB_01.jpg\" data-orig-size=\"800,1067\" data-comments-opened=\"0\" data-image-meta=\"{&quot;aperture&quot;:&quot;0&quot;,&quot;credit&quot;:&quot;&quot;,&quot;camera&quot;:&quot;&quot;,&quot;caption&quot;:&quot;&quot;,&quot;created_timestamp&quot;:&quot;0&quot;,&quot;copyright&quot;:&quot;&quot;,&quot;focal_length&quot;:&quot;0&quot;,&quot;iso&quot;:&quot;0&quot;,&quot;shutter_speed&quot;:&quot;0&quot;,&quot;title&quot;:&quot;&quot;}\" data-image-title=\"GuertelpruefungGB_01\" data-image-description=\"\" data-image-caption=\"\" data-medium-file=\"http:\/\/www.taekwondo-ates.de\/wp-content\/uploads\/2019\/03\/GuertelpruefungGB_01-224x300.jpg\" data-large-file=\"http:\/\/www.taekwondo-ates.de\/wp-content\/uploads\/2019\/03\/GuertelpruefungGB_01-767x1024.jpg\" \/><\/a>\n\t\t\t<\/dt><\/dl><dl class='gallery-item'>\n\t\t\t<dt class='gallery-icon portrait'>\n\t\t\t\t<a href='http:\/\/www.taekwondo-ates.de\/?attachment_id=2686'><img width=\"150\" height=\"150\" src=\"http:\/\/www.taekwondo-ates.de\/wp-content\/uploads\/2019\/03\/GuertelpruefungGB_02-150x150.jpg\" class=\"attachment-thumbnail size-thumbnail\" alt=\"\" decoding=\"async\" loading=\"lazy\" data-attachment-id=\"2686\" data-permalink=\"http:\/\/www.taekwondo-ates.de\/?attachment_id=2686\" data-orig-file=\"http:\/\/www.taekwondo-ates.de\/wp-content\/uploads\/2019\/03\/GuertelpruefungGB_02.jpg\" data-orig-size=\"800,1067\" data-comments-opened=\"0\" data-image-meta=\"{&quot;aperture&quot;:&quot;0&quot;,&quot;credit&quot;:&quot;&quot;,&quot;camera&quot;:&quot;&quot;,&quot;caption&quot;:&quot;&quot;,&quot;created_timestamp&quot;:&quot;0&quot;,&quot;copyright&quot;:&quot;&quot;,&quot;focal_length&quot;:&quot;0&quot;,&quot;iso&quot;:&quot;0&quot;,&quot;shutter_speed&quot;:&quot;0&quot;,&quot;title&quot;:&quot;&quot;}\" data-image-title=\"GuertelpruefungGB_02\" data-image-description=\"\" data-image-caption=\"\" data-medium-file=\"http:\/\/www.taekwondo-ates.de\/wp-content\/uploads\/2019\/03\/GuertelpruefungGB_02-224x300.jpg\" data-large-file=\"http:\/\/www.taekwondo-ates.de\/wp-content\/uploads\/2019\/03\/GuertelpruefungGB_02-767x1024.jpg\" \/><\/a>\n\t\t\t<\/dt><\/dl><br style=\"clear: both\" \/><dl class='gallery-item'>\n\t\t\t<dt class='gallery-icon portrait'>\n\t\t\t\t<a href='http:\/\/www.taekwondo-ates.de\/?attachment_id=2687'><img width=\"150\" height=\"150\" src=\"http:\/\/www.taekwondo-ates.de\/wp-content\/uploads\/2019\/03\/GuertelpruefungGB_03-150x150.jpg\" class=\"attachment-thumbnail size-thumbnail\" alt=\"\" decoding=\"async\" loading=\"lazy\" data-attachment-id=\"2687\" data-permalink=\"http:\/\/www.taekwondo-ates.de\/?attachment_id=2687\" data-orig-file=\"http:\/\/www.taekwondo-ates.de\/wp-content\/uploads\/2019\/03\/GuertelpruefungGB_03.jpg\" data-orig-size=\"800,1067\" data-comments-opened=\"0\" data-image-meta=\"{&quot;aperture&quot;:&quot;0&quot;,&quot;credit&quot;:&quot;&quot;,&quot;camera&quot;:&quot;&quot;,&quot;caption&quot;:&quot;&quot;,&quot;created_timestamp&quot;:&quot;0&quot;,&quot;copyright&quot;:&quot;&quot;,&quot;focal_length&quot;:&quot;0&quot;,&quot;iso&quot;:&quot;0&quot;,&quot;shutter_speed&quot;:&quot;0&quot;,&quot;title&quot;:&quot;&quot;}\" data-image-title=\"GuertelpruefungGB_03\" data-image-description=\"\" data-image-caption=\"\" data-medium-file=\"http:\/\/www.taekwondo-ates.de\/wp-content\/uploads\/2019\/03\/GuertelpruefungGB_03-224x300.jpg\" data-large-file=\"http:\/\/www.taekwondo-ates.de\/wp-content\/uploads\/2019\/03\/GuertelpruefungGB_03-767x1024.jpg\" \/><\/a>\n\t\t\t<\/dt><\/dl><dl class='gallery-item'>\n\t\t\t<dt class='gallery-icon portrait'>\n\t\t\t\t<a href='http:\/\/www.taekwondo-ates.de\/?attachment_id=2688'><img width=\"150\" height=\"150\" src=\"http:\/\/www.taekwondo-ates.de\/wp-content\/uploads\/2019\/03\/GuertelpruefungGB_04-150x150.jpg\" class=\"attachment-thumbnail size-thumbnail\" alt=\"\" decoding=\"async\" loading=\"lazy\" data-attachment-id=\"2688\" data-permalink=\"http:\/\/www.taekwondo-ates.de\/?attachment_id=2688\" data-orig-file=\"http:\/\/www.taekwondo-ates.de\/wp-content\/uploads\/2019\/03\/GuertelpruefungGB_04.jpg\" data-orig-size=\"800,1067\" data-comments-opened=\"0\" data-image-meta=\"{&quot;aperture&quot;:&quot;0&quot;,&quot;credit&quot;:&quot;&quot;,&quot;camera&quot;:&quot;&quot;,&quot;caption&quot;:&quot;&quot;,&quot;created_timestamp&quot;:&quot;0&quot;,&quot;copyright&quot;:&quot;&quot;,&quot;focal_length&quot;:&quot;0&quot;,&quot;iso&quot;:&quot;0&quot;,&quot;shutter_speed&quot;:&quot;0&quot;,&quot;title&quot;:&quot;&quot;}\" data-image-title=\"GuertelpruefungGB_04\" data-image-description=\"\" data-image-caption=\"\" data-medium-file=\"http:\/\/www.taekwondo-ates.de\/wp-content\/uploads\/2019\/03\/GuertelpruefungGB_04-224x300.jpg\" data-large-file=\"http:\/\/www.taekwondo-ates.de\/wp-content\/uploads\/2019\/03\/GuertelpruefungGB_04-767x1024.jpg\" \/><\/a>\n\t\t\t<\/dt><\/dl><br style=\"clear: both\" \/>\n\t\t<\/div>\n\n","protected":false},"excerpt":{"rendered":"<p>Insgesamt\u00a0ca. 30\u00a0Pr\u00fcflinge stellten sich den\u00a0Pr\u00fcfungsanforderungen, die ihrer jeweiligen Graduierung abverlangt werden. 11\u00a0Sch\u00fcler absolvierten\u00a0ihre erste G\u00fcrtelpr\u00fcfung souver\u00e4n. Dank guter Vorbereitung konnten\u00a0alle\u00a0Teilnehmer bestehen und erreichten somit denn n\u00e4chst h\u00f6heren G\u00fcrtel. Vorne von links: Silas Irslinger, David Ganzera, Joel Waslikowski, Liv Lehmann, Johanna &hellip; <a href=\"http:\/\/www.taekwondo-ates.de\/?p=2697\">Weiterlesen <span class=\"meta-nav\">&rarr;<\/span><\/a><\/p>\n","protected":false},"author":1,"featured_media":0,"comment_status":"closed","ping_status":"closed","sticky":false,"template":"","format":"standard","meta":{"ngg_post_thumbnail":0,"jetpack_post_was_ever_published":false},"categories":[4],"tags":[14],"jetpack_featured_media_url":"","jetpack_shortlink":"https:\/\/wp.me\/p214aU-Hv","jetpack_sharing_enabled":true,"_links":{"self":[{"href":"http:\/\/www.taekwondo-ates.de\/index.php?rest_route=\/wp\/v2\/posts\/2697"}],"collection":[{"href":"http:\/\/www.taekwondo-ates.de\/index.php?rest_route=\/wp\/v2\/posts"}],"about":[{"href":"http:\/\/www.taekwondo-ates.de\/index.php?rest_route=\/wp\/v2\/types\/post"}],"author":[{"embeddable":true,"href":"http:\/\/www.taekwondo-ates.de\/index.php?rest_route=\/wp\/v2\/users\/1"}],"replies":[{"embeddable":true,"href":"http:\/\/www.taekwondo-ates.de\/index.php?rest_route=%2Fwp%2Fv2%2Fcomments&post=2697"}],"version-history":[{"count":2,"href":"http:\/\/www.taekwondo-ates.de\/index.php?rest_route=\/wp\/v2\/posts\/2697\/revisions"}],"predecessor-version":[{"id":2699,"href":"http:\/\/www.taekwondo-ates.de\/index.php?rest_route=\/wp\/v2\/posts\/2697\/revisions\/2699"}],"wp:attachment":[{"href":"http:\/\/www.taekwondo-ates.de\/index.php?rest_route=%2Fwp%2Fv2%2Fmedia&parent=2697"}],"wp:term":[{"taxonomy":"category","embeddable":true,"href":"http:\/\/www.taekwondo-ates.de\/index.php?rest_route=%2Fwp%2Fv2%2Fcategories&post=2697"},{"taxonomy":"post_tag","embeddable":true,"href":"http:\/\/www.taekwondo-ates.de\/index.php?rest_route=%2Fwp%2Fv2%2Ftags&post=2697"}],"curies":[{"name":"wp","href":"https:\/\/api.w.org\/{rel}","templated":true}]}}