{"id":2350,"date":"2017-07-19T22:06:38","date_gmt":"2017-07-19T21:06:38","guid":{"rendered":"http:\/\/www.taekwondo-ates.de\/?p=2350"},"modified":"2017-07-19T22:10:57","modified_gmt":"2017-07-19T21:10:57","slug":"taekwondo-gurtelprufung-2","status":"publish","type":"post","link":"http:\/\/www.taekwondo-ates.de\/?p=2350","title":{"rendered":"Taekwondo G\u00fcrtelpr\u00fcfung"},"content":{"rendered":"<p>Kurz vor den\u00a0Sommerferien\u00a0f\u00fchrte Taekwondo Ates am\u00a014.07.\u00a0eine G\u00fcrtelpr\u00fcfung durch.<br \/>\nInsgesamt\u00a0ca. 50\u00a0Pr\u00fcflinge stellten sich den\u00a0Pr\u00fcfungsanforderungen, die ihrer jeweiligen Graduierung abverlangt werden.<br \/>\n17\u00a0Kinder absolvierten\u00a0ihre erste G\u00fcrtelpr\u00fcfung souver\u00e4n. Dank guter Vorbereitung konnten\u00a0alle\u00a0Teilnehmer bestehen und erreichten somit denn n\u00e4chst h\u00f6heren G\u00fcrtel.<br \/>\nTrainer und Pr\u00fcfer Aydin Ates war sehr zufrieden mit den Leistungen der Sch\u00fcler.<\/p>\n<p style=\"text-align: center;\"><a href=\"http:\/\/www.taekwondo-ates.de\/wp-content\/uploads\/2017\/07\/20170714_180039.jpg\"><img data-attachment-id=\"2351\" data-permalink=\"http:\/\/www.taekwondo-ates.de\/?attachment_id=2351\" data-orig-file=\"http:\/\/www.taekwondo-ates.de\/wp-content\/uploads\/2017\/07\/20170714_180039.jpg\" data-orig-size=\"1280,720\" data-comments-opened=\"0\" data-image-meta=\"{&quot;aperture&quot;:&quot;1.9&quot;,&quot;credit&quot;:&quot;&quot;,&quot;camera&quot;:&quot;SM-G925F&quot;,&quot;caption&quot;:&quot;&quot;,&quot;created_timestamp&quot;:&quot;1500055239&quot;,&quot;copyright&quot;:&quot;&quot;,&quot;focal_length&quot;:&quot;4.3&quot;,&quot;iso&quot;:&quot;64&quot;,&quot;shutter_speed&quot;:&quot;0.01&quot;,&quot;title&quot;:&quot;&quot;}\" data-image-title=\"20170714_180039\" data-image-description=\"\" data-image-caption=\"\" data-medium-file=\"http:\/\/www.taekwondo-ates.de\/wp-content\/uploads\/2017\/07\/20170714_180039-300x168.jpg\" data-large-file=\"http:\/\/www.taekwondo-ates.de\/wp-content\/uploads\/2017\/07\/20170714_180039-1024x576.jpg\" decoding=\"async\" class=\"aligncenter  wp-image-2351\" alt=\"20170714_180039\" src=\"http:\/\/www.taekwondo-ates.de\/wp-content\/uploads\/2017\/07\/20170714_180039-300x168.jpg\" width=\"500\" srcset=\"http:\/\/www.taekwondo-ates.de\/wp-content\/uploads\/2017\/07\/20170714_180039-300x168.jpg 300w, http:\/\/www.taekwondo-ates.de\/wp-content\/uploads\/2017\/07\/20170714_180039-1024x576.jpg 1024w, http:\/\/www.taekwondo-ates.de\/wp-content\/uploads\/2017\/07\/20170714_180039-500x281.jpg 500w, http:\/\/www.taekwondo-ates.de\/wp-content\/uploads\/2017\/07\/20170714_180039.jpg 1280w\" sizes=\"(max-width: 300px) 100vw, 300px\" \/><\/a><\/p>\n<p><span style=\"text-decoration: underline;\">Vorne von links:<br \/>\n<\/span>Maja Richter, Levin V\u00f6lk, Sascha Schwindt, Liam Bolke, Mia K\u00f6lling, Elham Axhaj, Kathleen Fai\u00dft, Justin Ungefug, David Ottenbacher, Ben Nieder.<\/p>\n<p><span style=\"text-decoration: underline;\">Hinten von links:<br \/>\n<\/span>Trainer Nikolai Tolmatschew Chiara Sorychta, Megin Kind, \u00a0Michael Hepting, Finja Kind, Daniel Rau, Bennet Stulz, Tim Schaudel<\/p>\n\n\t\t<style type=\"text\/css\">\n\t\t\t#gallery-1 {\n\t\t\t\tmargin: auto;\n\t\t\t}\n\t\t\t#gallery-1 .gallery-item {\n\t\t\t\tfloat: left;\n\t\t\t\tmargin-top: 10px;\n\t\t\t\ttext-align: center;\n\t\t\t\twidth: 25%;\n\t\t\t}\n\t\t\t#gallery-1 img {\n\t\t\t\tborder: 2px solid #cfcfcf;\n\t\t\t}\n\t\t\t#gallery-1 .gallery-caption {\n\t\t\t\tmargin-left: 0;\n\t\t\t}\n\t\t\t\/* see gallery_shortcode() in wp-includes\/media.php *\/\n\t\t<\/style>\n\t\t<div data-carousel-extra='{\"blog_id\":1,\"permalink\":\"http:\\\/\\\/www.taekwondo-ates.de\\\/?p=2350\"}' id='gallery-1' class='gallery galleryid-2350 gallery-columns-4 gallery-size-thumbnail'><dl class='gallery-item'>\n\t\t\t<dt class='gallery-icon portrait'>\n\t\t\t\t<a href='http:\/\/www.taekwondo-ates.de\/?attachment_id=2355'><img width=\"150\" height=\"150\" src=\"http:\/\/www.taekwondo-ates.de\/wp-content\/uploads\/2017\/07\/20170714_180241-150x150.jpg\" class=\"attachment-thumbnail size-thumbnail\" alt=\"\" decoding=\"async\" loading=\"lazy\" data-attachment-id=\"2355\" data-permalink=\"http:\/\/www.taekwondo-ates.de\/?attachment_id=2355\" data-orig-file=\"http:\/\/www.taekwondo-ates.de\/wp-content\/uploads\/2017\/07\/20170714_180241.jpg\" data-orig-size=\"720,1280\" data-comments-opened=\"0\" data-image-meta=\"{&quot;aperture&quot;:&quot;1.9&quot;,&quot;credit&quot;:&quot;&quot;,&quot;camera&quot;:&quot;SM-G925F&quot;,&quot;caption&quot;:&quot;&quot;,&quot;created_timestamp&quot;:&quot;1500055360&quot;,&quot;copyright&quot;:&quot;&quot;,&quot;focal_length&quot;:&quot;4.3&quot;,&quot;iso&quot;:&quot;64&quot;,&quot;shutter_speed&quot;:&quot;0.01&quot;,&quot;title&quot;:&quot;&quot;}\" data-image-title=\"20170714_180241\" data-image-description=\"\" data-image-caption=\"\" data-medium-file=\"http:\/\/www.taekwondo-ates.de\/wp-content\/uploads\/2017\/07\/20170714_180241-168x300.jpg\" data-large-file=\"http:\/\/www.taekwondo-ates.de\/wp-content\/uploads\/2017\/07\/20170714_180241-576x1024.jpg\" \/><\/a>\n\t\t\t<\/dt><\/dl><dl class='gallery-item'>\n\t\t\t<dt class='gallery-icon landscape'>\n\t\t\t\t<a href='http:\/\/www.taekwondo-ates.de\/?attachment_id=2356'><img width=\"150\" height=\"150\" src=\"http:\/\/www.taekwondo-ates.de\/wp-content\/uploads\/2017\/07\/20170714_182433-150x150.jpg\" class=\"attachment-thumbnail size-thumbnail\" alt=\"\" decoding=\"async\" loading=\"lazy\" data-attachment-id=\"2356\" data-permalink=\"http:\/\/www.taekwondo-ates.de\/?attachment_id=2356\" data-orig-file=\"http:\/\/www.taekwondo-ates.de\/wp-content\/uploads\/2017\/07\/20170714_182433.jpg\" data-orig-size=\"1280,720\" data-comments-opened=\"0\" data-image-meta=\"{&quot;aperture&quot;:&quot;1.9&quot;,&quot;credit&quot;:&quot;&quot;,&quot;camera&quot;:&quot;SM-G925F&quot;,&quot;caption&quot;:&quot;&quot;,&quot;created_timestamp&quot;:&quot;1500056673&quot;,&quot;copyright&quot;:&quot;&quot;,&quot;focal_length&quot;:&quot;4.3&quot;,&quot;iso&quot;:&quot;80&quot;,&quot;shutter_speed&quot;:&quot;0.01&quot;,&quot;title&quot;:&quot;&quot;}\" data-image-title=\"20170714_182433\" data-image-description=\"\" data-image-caption=\"\" data-medium-file=\"http:\/\/www.taekwondo-ates.de\/wp-content\/uploads\/2017\/07\/20170714_182433-300x168.jpg\" data-large-file=\"http:\/\/www.taekwondo-ates.de\/wp-content\/uploads\/2017\/07\/20170714_182433-1024x576.jpg\" \/><\/a>\n\t\t\t<\/dt><\/dl><dl class='gallery-item'>\n\t\t\t<dt class='gallery-icon landscape'>\n\t\t\t\t<a href='http:\/\/www.taekwondo-ates.de\/?attachment_id=2357'><img width=\"150\" height=\"150\" src=\"http:\/\/www.taekwondo-ates.de\/wp-content\/uploads\/2017\/07\/20170714_190950-150x150.jpg\" class=\"attachment-thumbnail size-thumbnail\" alt=\"\" decoding=\"async\" loading=\"lazy\" data-attachment-id=\"2357\" data-permalink=\"http:\/\/www.taekwondo-ates.de\/?attachment_id=2357\" data-orig-file=\"http:\/\/www.taekwondo-ates.de\/wp-content\/uploads\/2017\/07\/20170714_190950.jpg\" data-orig-size=\"1280,720\" data-comments-opened=\"0\" data-image-meta=\"{&quot;aperture&quot;:&quot;1.9&quot;,&quot;credit&quot;:&quot;&quot;,&quot;camera&quot;:&quot;SM-G925F&quot;,&quot;caption&quot;:&quot;&quot;,&quot;created_timestamp&quot;:&quot;1500059390&quot;,&quot;copyright&quot;:&quot;&quot;,&quot;focal_length&quot;:&quot;4.3&quot;,&quot;iso&quot;:&quot;64&quot;,&quot;shutter_speed&quot;:&quot;0.01&quot;,&quot;title&quot;:&quot;&quot;}\" data-image-title=\"20170714_190950\" data-image-description=\"\" data-image-caption=\"\" data-medium-file=\"http:\/\/www.taekwondo-ates.de\/wp-content\/uploads\/2017\/07\/20170714_190950-300x168.jpg\" data-large-file=\"http:\/\/www.taekwondo-ates.de\/wp-content\/uploads\/2017\/07\/20170714_190950-1024x576.jpg\" \/><\/a>\n\t\t\t<\/dt><\/dl><dl class='gallery-item'>\n\t\t\t<dt class='gallery-icon landscape'>\n\t\t\t\t<a href='http:\/\/www.taekwondo-ates.de\/?attachment_id=2358'><img width=\"150\" height=\"150\" src=\"http:\/\/www.taekwondo-ates.de\/wp-content\/uploads\/2017\/07\/20170714_195514-150x150.jpg\" class=\"attachment-thumbnail size-thumbnail\" alt=\"\" decoding=\"async\" loading=\"lazy\" data-attachment-id=\"2358\" data-permalink=\"http:\/\/www.taekwondo-ates.de\/?attachment_id=2358\" data-orig-file=\"http:\/\/www.taekwondo-ates.de\/wp-content\/uploads\/2017\/07\/20170714_195514.jpg\" data-orig-size=\"1280,720\" data-comments-opened=\"0\" data-image-meta=\"{&quot;aperture&quot;:&quot;1.9&quot;,&quot;credit&quot;:&quot;&quot;,&quot;camera&quot;:&quot;SM-G925F&quot;,&quot;caption&quot;:&quot;&quot;,&quot;created_timestamp&quot;:&quot;1500062114&quot;,&quot;copyright&quot;:&quot;&quot;,&quot;focal_length&quot;:&quot;4.3&quot;,&quot;iso&quot;:&quot;50&quot;,&quot;shutter_speed&quot;:&quot;0.02&quot;,&quot;title&quot;:&quot;&quot;}\" data-image-title=\"20170714_195514\" data-image-description=\"\" data-image-caption=\"\" data-medium-file=\"http:\/\/www.taekwondo-ates.de\/wp-content\/uploads\/2017\/07\/20170714_195514-300x168.jpg\" data-large-file=\"http:\/\/www.taekwondo-ates.de\/wp-content\/uploads\/2017\/07\/20170714_195514-1024x576.jpg\" \/><\/a>\n\t\t\t<\/dt><\/dl><br style=\"clear: both\" \/>\n\t\t<\/div>\n\n","protected":false},"excerpt":{"rendered":"<p>Kurz vor den\u00a0Sommerferien\u00a0f\u00fchrte Taekwondo Ates am\u00a014.07.\u00a0eine G\u00fcrtelpr\u00fcfung durch. Insgesamt\u00a0ca. 50\u00a0Pr\u00fcflinge stellten sich den\u00a0Pr\u00fcfungsanforderungen, die ihrer jeweiligen Graduierung abverlangt werden. 17\u00a0Kinder absolvierten\u00a0ihre erste G\u00fcrtelpr\u00fcfung souver\u00e4n. Dank guter Vorbereitung konnten\u00a0alle\u00a0Teilnehmer bestehen und erreichten somit denn n\u00e4chst h\u00f6heren G\u00fcrtel. Trainer und Pr\u00fcfer Aydin &hellip; <a href=\"http:\/\/www.taekwondo-ates.de\/?p=2350\">Weiterlesen <span class=\"meta-nav\">&rarr;<\/span><\/a><\/p>\n","protected":false},"author":1,"featured_media":0,"comment_status":"closed","ping_status":"closed","sticky":false,"template":"","format":"standard","meta":{"ngg_post_thumbnail":0,"jetpack_post_was_ever_published":false},"categories":[4],"tags":[14],"jetpack_featured_media_url":"","jetpack_shortlink":"https:\/\/wp.me\/p214aU-BU","jetpack_sharing_enabled":true,"_links":{"self":[{"href":"http:\/\/www.taekwondo-ates.de\/index.php?rest_route=\/wp\/v2\/posts\/2350"}],"collection":[{"href":"http:\/\/www.taekwondo-ates.de\/index.php?rest_route=\/wp\/v2\/posts"}],"about":[{"href":"http:\/\/www.taekwondo-ates.de\/index.php?rest_route=\/wp\/v2\/types\/post"}],"author":[{"embeddable":true,"href":"http:\/\/www.taekwondo-ates.de\/index.php?rest_route=\/wp\/v2\/users\/1"}],"replies":[{"embeddable":true,"href":"http:\/\/www.taekwondo-ates.de\/index.php?rest_route=%2Fwp%2Fv2%2Fcomments&post=2350"}],"version-history":[{"count":4,"href":"http:\/\/www.taekwondo-ates.de\/index.php?rest_route=\/wp\/v2\/posts\/2350\/revisions"}],"predecessor-version":[{"id":2354,"href":"http:\/\/www.taekwondo-ates.de\/index.php?rest_route=\/wp\/v2\/posts\/2350\/revisions\/2354"}],"wp:attachment":[{"href":"http:\/\/www.taekwondo-ates.de\/index.php?rest_route=%2Fwp%2Fv2%2Fmedia&parent=2350"}],"wp:term":[{"taxonomy":"category","embeddable":true,"href":"http:\/\/www.taekwondo-ates.de\/index.php?rest_route=%2Fwp%2Fv2%2Fcategories&post=2350"},{"taxonomy":"post_tag","embeddable":true,"href":"http:\/\/www.taekwondo-ates.de\/index.php?rest_route=%2Fwp%2Fv2%2Ftags&post=2350"}],"curies":[{"name":"wp","href":"https:\/\/api.w.org\/{rel}","templated":true}]}}