{"id":169,"date":"2011-11-01T23:40:45","date_gmt":"2011-11-01T22:40:45","guid":{"rendered":"http:\/\/www.taekwondo-ates.de\/blog\/?p=169"},"modified":"2011-12-20T11:25:06","modified_gmt":"2011-12-20T10:25:06","slug":"fight-night-2011-%e2%80%93-vollkontakt-taekwondo","status":"publish","type":"post","link":"http:\/\/www.taekwondo-ates.de\/?p=169","title":{"rendered":"Fight Night 2011 \u2013 Vollkontakt Taekwondo"},"content":{"rendered":"<p style=\"text-align: justify;\"><a href=\"\/wp-content\/uploads\/2011\/11\/plakat.jpg\"><img data-attachment-id=\"170\" data-permalink=\"http:\/\/www.taekwondo-ates.de\/?attachment_id=170\" data-orig-file=\"http:\/\/www.taekwondo-ates.de\/wp-content\/uploads\/2011\/11\/plakat.jpg\" data-orig-size=\"566,800\" data-comments-opened=\"0\" data-image-meta=\"{&quot;aperture&quot;:&quot;0&quot;,&quot;credit&quot;:&quot;&quot;,&quot;camera&quot;:&quot;&quot;,&quot;caption&quot;:&quot;&quot;,&quot;created_timestamp&quot;:&quot;0&quot;,&quot;copyright&quot;:&quot;&quot;,&quot;focal_length&quot;:&quot;0&quot;,&quot;iso&quot;:&quot;0&quot;,&quot;shutter_speed&quot;:&quot;0&quot;,&quot;title&quot;:&quot;&quot;}\" data-image-title=\"plakat\" data-image-description=\"\" data-image-caption=\"\" data-medium-file=\"http:\/\/www.taekwondo-ates.de\/wp-content\/uploads\/2011\/11\/plakat-212x300.jpg\" data-large-file=\"http:\/\/www.taekwondo-ates.de\/wp-content\/uploads\/2011\/11\/plakat.jpg\" decoding=\"async\" loading=\"lazy\" class=\"alignleft size-medium wp-image-170\" title=\"plakat\" src=\"\/wp-content\/uploads\/2011\/11\/plakat-212x300.jpg\" alt=\"\" width=\"212\" height=\"300\" srcset=\"http:\/\/www.taekwondo-ates.de\/wp-content\/uploads\/2011\/11\/plakat-212x300.jpg 212w, http:\/\/www.taekwondo-ates.de\/wp-content\/uploads\/2011\/11\/plakat.jpg 566w\" sizes=\"(max-width: 212px) 100vw, 212px\" \/><\/a>Seit neun Jahren l\u00e4dt der Verein\u00a0Taekwondo-Ates\u00a0e.V. zur Fight Night ein. Dieses Jahr findet sie am 26. November in der Nordwesthalle in Offenburg statt. Der Einlass beginnt ab 18 Uhr.<\/p>\n<p style=\"text-align: justify;\">Die Zuschauer erwartet eine abwechslungsreiche Show und Profik\u00e4mpfe. Von den Anf\u00e4ngern bis zur Showgruppe des Vereins zeigen die Sportler ihr K\u00f6nnen. Die j\u00fcngsten sind erst vier Jahre alt. Mit dabei sind aber auch Sportler befreundeter Vereine, unter anderem<a href=\"http:\/\/www.capoeiraoffenburg.de\/\" target=\"_blank\">\u00a0Meia Lua Inteira Offenburg<\/a>, Show mit Italo Sforza, Ju-Jutsu Show vom\u00a0<a href=\"http:\/\/www.budo-sportzentrum.de\/\" target=\"_blank\">Budo Sportzentrum Offenburg<\/a>\u00a0und Martin Rees von der\u00a0<a href=\"http:\/\/www.sportschule-wuchi.de\/\" target=\"_blank\">Sportschule-WuChi<\/a>\u00a0aus Tuttlingen zeigt\u00a0Taekwondo-Selbstverteidigung.<\/p>\n<p style=\"text-align: justify;\">Wer richtige Wettkampfluft schnuppern will, kann zwischen 11 und 16 Uhr in der Nordwesthalle den\u00a0Kids-Cup\u00a0besuchen. Beim Nachwuchsturnier k\u00e4mpfen Kinder und Jugendliche zwischen 4 und 15 Jahren.<\/p>\n","protected":false},"excerpt":{"rendered":"<p>Seit neun Jahren l\u00e4dt der Verein\u00a0Taekwondo-Ates\u00a0e.V. zur Fight Night ein. Dieses Jahr findet sie am 26. November in der Nordwesthalle in Offenburg statt. Der Einlass beginnt ab 18 Uhr. Die Zuschauer erwartet eine abwechslungsreiche Show und Profik\u00e4mpfe. Von den Anf\u00e4ngern &hellip; <a href=\"http:\/\/www.taekwondo-ates.de\/?p=169\">Weiterlesen <span class=\"meta-nav\">&rarr;<\/span><\/a><\/p>\n","protected":false},"author":1,"featured_media":170,"comment_status":"closed","ping_status":"open","sticky":false,"template":"","format":"standard","meta":{"ngg_post_thumbnail":0,"jetpack_post_was_ever_published":false},"categories":[6],"tags":[],"jetpack_featured_media_url":"http:\/\/www.taekwondo-ates.de\/wp-content\/uploads\/2011\/11\/plakat.jpg","jetpack_shortlink":"https:\/\/wp.me\/p214aU-2J","jetpack_sharing_enabled":true,"_links":{"self":[{"href":"http:\/\/www.taekwondo-ates.de\/index.php?rest_route=\/wp\/v2\/posts\/169"}],"collection":[{"href":"http:\/\/www.taekwondo-ates.de\/index.php?rest_route=\/wp\/v2\/posts"}],"about":[{"href":"http:\/\/www.taekwondo-ates.de\/index.php?rest_route=\/wp\/v2\/types\/post"}],"author":[{"embeddable":true,"href":"http:\/\/www.taekwondo-ates.de\/index.php?rest_route=\/wp\/v2\/users\/1"}],"replies":[{"embeddable":true,"href":"http:\/\/www.taekwondo-ates.de\/index.php?rest_route=%2Fwp%2Fv2%2Fcomments&post=169"}],"version-history":[{"count":4,"href":"http:\/\/www.taekwondo-ates.de\/index.php?rest_route=\/wp\/v2\/posts\/169\/revisions"}],"predecessor-version":[{"id":303,"href":"http:\/\/www.taekwondo-ates.de\/index.php?rest_route=\/wp\/v2\/posts\/169\/revisions\/303"}],"wp:featuredmedia":[{"embeddable":true,"href":"http:\/\/www.taekwondo-ates.de\/index.php?rest_route=\/wp\/v2\/media\/170"}],"wp:attachment":[{"href":"http:\/\/www.taekwondo-ates.de\/index.php?rest_route=%2Fwp%2Fv2%2Fmedia&parent=169"}],"wp:term":[{"taxonomy":"category","embeddable":true,"href":"http:\/\/www.taekwondo-ates.de\/index.php?rest_route=%2Fwp%2Fv2%2Fcategories&post=169"},{"taxonomy":"post_tag","embeddable":true,"href":"http:\/\/www.taekwondo-ates.de\/index.php?rest_route=%2Fwp%2Fv2%2Ftags&post=169"}],"curies":[{"name":"wp","href":"https:\/\/api.w.org\/{rel}","templated":true}]}}