{"id":164,"date":"2011-07-03T23:28:56","date_gmt":"2011-07-03T22:28:56","guid":{"rendered":"http:\/\/www.taekwondo-ates.de\/blog\/?p=164"},"modified":"2011-12-20T11:06:55","modified_gmt":"2011-12-20T10:06:55","slug":"top-erfolge-bei-den-int-bodensee-cup-im-vollkontakt-taekwondo","status":"publish","type":"post","link":"http:\/\/www.taekwondo-ates.de\/?p=164","title":{"rendered":"Top Erfolge bei den Int. Bodensee-Cup im Vollkontakt-Taekwondo"},"content":{"rendered":"<p style=\"text-align: justify;\">Taekwondo Ates kehrte am vergangenen Samstag von den Internationalen Bodensee-Cup im Vollkontakt Taekwondo\u00a0aus Friedrichshafen zur\u00fcck.<\/p>\n<p style=\"text-align: justify;\">Spektakul\u00e4re Wettk\u00e4mpfe auf hohem Niveau waren auch in diesem Jahr ein Markenzeichen des Internationalen Bodenseecups\u00a0So fanden sich \u00fcber 400 Wettk\u00e4mpfer aus insgesamt neun Nationen am Bodensee ein.<\/p>\n<p style=\"text-align: justify;\">Alle 8 von 10 teilnehmenden Sch\u00fcler von Taekwondo Ates konnten sich immerhin, von denen einige an diesem Tag zum ersten bzw. zum zweiten Mal Wettkampfluft schnupperten, in die Medaillenr\u00e4nge vorsto\u00dfen.\u00a0Mit einer Ausbeute aus 2 x Gold, 2 x Silber und 4 x Bronze waren Trainer Aydin Ates und Atila G\u00fcld\u00fcren mehr als sehr zufrieden.<\/p>\n<p style=\"text-align: justify;\">In sehr guter Form zeigten sich besonders Timm Meier (Jugend C bis 35 Kg) und Devin Schulz (Jugend B -37 Kg).\u00a0Beide besiegten alle Ihre K\u00e4mpfe \u00fcberlegen. Timm Meier seinen zweiten Kampf sogar mit einem technischen K.O.\u00a0und erreichten verdient den 1. Platz.<\/p>\n<p style=\"text-align: center;\"><a href=\"\/wp-content\/uploads\/2011\/11\/BodenseeCup.jpg\"><img data-attachment-id=\"165\" data-permalink=\"http:\/\/www.taekwondo-ates.de\/?attachment_id=165\" data-orig-file=\"http:\/\/www.taekwondo-ates.de\/wp-content\/uploads\/2011\/11\/BodenseeCup.jpg\" data-orig-size=\"640,480\" data-comments-opened=\"0\" data-image-meta=\"{&quot;aperture&quot;:&quot;3&quot;,&quot;credit&quot;:&quot;&quot;,&quot;camera&quot;:&quot;DMC-FS3&quot;,&quot;caption&quot;:&quot;&quot;,&quot;created_timestamp&quot;:&quot;1309602717&quot;,&quot;copyright&quot;:&quot;&quot;,&quot;focal_length&quot;:&quot;6.8&quot;,&quot;iso&quot;:&quot;100&quot;,&quot;shutter_speed&quot;:&quot;0.01&quot;,&quot;title&quot;:&quot;&quot;}\" data-image-title=\"BodenseeCup\" data-image-description=\"&lt;p&gt;Bild vorne von links:&lt;br \/&gt;\nCornelius J\u00f6rger 3. Platz (Jugend D -22 Kg), Tim Seegers 2.Platz (Jugend C -26 Kg), Jason Wolf 3. Platz (-32 Kg)&lt;\/p&gt;\n&lt;p&gt;Bild mitte von links&lt;br \/&gt;\nTimm Meier 1. Platz (Jugend C -35 Kg), Devin Schulz 1.Platz (Jugend B -37 Kg), Leon Schulz 2. Platz (Jugend C -29 Kg)&lt;\/p&gt;\n&lt;p&gt;Bild hinten von links&lt;br \/&gt;\nTrainer Atila G\u00fcld\u00fcren, Florian Zink 3. Platz (Jugend A -78 Kg), Philipp Suntz 5. Platz (Herren -73 Kg), Arnold Wienand 5.Platz (Herren -80 Kg),&lt;br \/&gt;\nNikolai Tolmatschew 3. Platz (Jugend A -63 Kg), Trainer Aydin Ates&lt;\/p&gt;\n\" data-image-caption=\"\" data-medium-file=\"http:\/\/www.taekwondo-ates.de\/wp-content\/uploads\/2011\/11\/BodenseeCup-300x225.jpg\" data-large-file=\"http:\/\/www.taekwondo-ates.de\/wp-content\/uploads\/2011\/11\/BodenseeCup.jpg\" decoding=\"async\" loading=\"lazy\" class=\"size-medium wp-image-165 aligncenter\" title=\"BodenseeCup\" src=\"\/wp-content\/uploads\/2011\/11\/BodenseeCup-300x225.jpg\" alt=\"\" width=\"300\" height=\"225\" srcset=\"http:\/\/www.taekwondo-ates.de\/wp-content\/uploads\/2011\/11\/BodenseeCup-300x225.jpg 300w, http:\/\/www.taekwondo-ates.de\/wp-content\/uploads\/2011\/11\/BodenseeCup-400x300.jpg 400w, http:\/\/www.taekwondo-ates.de\/wp-content\/uploads\/2011\/11\/BodenseeCup.jpg 640w\" sizes=\"(max-width: 300px) 100vw, 300px\" \/><!--more--><\/a><\/p>\n<p style=\"text-align: center;\">Bild vorne von links:<br \/>\nCornelius J\u00f6rger 3. Platz (Jugend D -22 Kg), Tim Seegers 2.Platz (Jugend C -26 Kg), Jason Wolf 3. Platz (-32 Kg)<\/p>\n<p style=\"text-align: center;\">Bild mitte von links<br \/>\nTimm Meier 1. Platz (Jugend C -35 Kg), Devin Schulz 1.Platz (Jugend B -37 Kg), Leon Schulz 2. Platz (Jugend C -29 Kg)<\/p>\n<p style=\"text-align: center;\">Bild hinten von links<br \/>\nTrainer Atila G\u00fcld\u00fcren, Florian Zink 3. Platz (Jugend A -78 Kg), Philipp Suntz 5. Platz (Herren -73 Kg), Arnold Wienand 5.Platz (Herren -80 Kg),<br \/>\nNikolai Tolmatschew 3. Platz (Jugend A -63 Kg), Trainer Aydin Ates<\/p>\n","protected":false},"excerpt":{"rendered":"<p>Taekwondo Ates kehrte am vergangenen Samstag von den Internationalen Bodensee-Cup im Vollkontakt Taekwondo\u00a0aus Friedrichshafen zur\u00fcck. Spektakul\u00e4re Wettk\u00e4mpfe auf hohem Niveau waren auch in diesem Jahr ein Markenzeichen des Internationalen Bodenseecups\u00a0So fanden sich \u00fcber 400 Wettk\u00e4mpfer aus insgesamt neun Nationen am &hellip; <a href=\"http:\/\/www.taekwondo-ates.de\/?p=164\">Weiterlesen <span class=\"meta-nav\">&rarr;<\/span><\/a><\/p>\n","protected":false},"author":1,"featured_media":165,"comment_status":"closed","ping_status":"open","sticky":false,"template":"","format":"standard","meta":{"ngg_post_thumbnail":0,"jetpack_post_was_ever_published":false},"categories":[4],"tags":[],"jetpack_featured_media_url":"http:\/\/www.taekwondo-ates.de\/wp-content\/uploads\/2011\/11\/BodenseeCup.jpg","jetpack_shortlink":"https:\/\/wp.me\/p214aU-2E","jetpack_sharing_enabled":true,"_links":{"self":[{"href":"http:\/\/www.taekwondo-ates.de\/index.php?rest_route=\/wp\/v2\/posts\/164"}],"collection":[{"href":"http:\/\/www.taekwondo-ates.de\/index.php?rest_route=\/wp\/v2\/posts"}],"about":[{"href":"http:\/\/www.taekwondo-ates.de\/index.php?rest_route=\/wp\/v2\/types\/post"}],"author":[{"embeddable":true,"href":"http:\/\/www.taekwondo-ates.de\/index.php?rest_route=\/wp\/v2\/users\/1"}],"replies":[{"embeddable":true,"href":"http:\/\/www.taekwondo-ates.de\/index.php?rest_route=%2Fwp%2Fv2%2Fcomments&post=164"}],"version-history":[{"count":3,"href":"http:\/\/www.taekwondo-ates.de\/index.php?rest_route=\/wp\/v2\/posts\/164\/revisions"}],"predecessor-version":[{"id":292,"href":"http:\/\/www.taekwondo-ates.de\/index.php?rest_route=\/wp\/v2\/posts\/164\/revisions\/292"}],"wp:featuredmedia":[{"embeddable":true,"href":"http:\/\/www.taekwondo-ates.de\/index.php?rest_route=\/wp\/v2\/media\/165"}],"wp:attachment":[{"href":"http:\/\/www.taekwondo-ates.de\/index.php?rest_route=%2Fwp%2Fv2%2Fmedia&parent=164"}],"wp:term":[{"taxonomy":"category","embeddable":true,"href":"http:\/\/www.taekwondo-ates.de\/index.php?rest_route=%2Fwp%2Fv2%2Fcategories&post=164"},{"taxonomy":"post_tag","embeddable":true,"href":"http:\/\/www.taekwondo-ates.de\/index.php?rest_route=%2Fwp%2Fv2%2Ftags&post=164"}],"curies":[{"name":"wp","href":"https:\/\/api.w.org\/{rel}","templated":true}]}}