{"id":160,"date":"2011-10-16T23:19:05","date_gmt":"2011-10-16T22:19:05","guid":{"rendered":"http:\/\/www.taekwondo-ates.de\/blog\/?p=160"},"modified":"2011-12-20T11:29:29","modified_gmt":"2011-12-20T10:29:29","slug":"grose-auszeichnung-fur-aydin-ates-und-taekwondo-ates-e-v","status":"publish","type":"post","link":"http:\/\/www.taekwondo-ates.de\/?p=160","title":{"rendered":"Gro\u00dfe Auszeichnung f\u00fcr Aydin Ates  und Taekwondo ATES e.V."},"content":{"rendered":"<p style=\"text-align: justify;\">Aydin Ates erhielt 2011 die Ehrenplakette in \u201eGold\u201c des TUBW (Taekwondo Union Baden-W\u00fcrttemberg). Mit dieser hohen Auszeichnung w\u00fcrdigte der TUBW die vielf\u00e4ltigen, ehrenamtlichen Leistungen Aydin Ates f\u00fcr den Verband als aktiver Sportler und Trainer.<\/p>\n<p style=\"text-align: justify;\"><a href=\"\/wp-content\/uploads\/2011\/11\/Foto.jpg\"><img data-attachment-id=\"161\" data-permalink=\"http:\/\/www.taekwondo-ates.de\/?attachment_id=161\" data-orig-file=\"http:\/\/www.taekwondo-ates.de\/wp-content\/uploads\/2011\/11\/Foto.jpg\" data-orig-size=\"478,640\" data-comments-opened=\"0\" data-image-meta=\"{&quot;aperture&quot;:&quot;2.8&quot;,&quot;credit&quot;:&quot;&quot;,&quot;camera&quot;:&quot;iPhone 4&quot;,&quot;caption&quot;:&quot;&quot;,&quot;created_timestamp&quot;:&quot;1318692192&quot;,&quot;copyright&quot;:&quot;&quot;,&quot;focal_length&quot;:&quot;3.85&quot;,&quot;iso&quot;:&quot;80&quot;,&quot;shutter_speed&quot;:&quot;0.038461538461538&quot;,&quot;title&quot;:&quot;&quot;}\" data-image-title=\"Foto\" data-image-description=\"\" data-image-caption=\"\" data-medium-file=\"http:\/\/www.taekwondo-ates.de\/wp-content\/uploads\/2011\/11\/Foto-224x300.jpg\" data-large-file=\"http:\/\/www.taekwondo-ates.de\/wp-content\/uploads\/2011\/11\/Foto.jpg\" decoding=\"async\" loading=\"lazy\" class=\"size-medium wp-image-161 alignleft\" title=\"Foto\" src=\"\/wp-content\/uploads\/2011\/11\/Foto-224x300.jpg\" alt=\"\" width=\"224\" height=\"300\" srcset=\"http:\/\/www.taekwondo-ates.de\/wp-content\/uploads\/2011\/11\/Foto-224x300.jpg 224w, http:\/\/www.taekwondo-ates.de\/wp-content\/uploads\/2011\/11\/Foto.jpg 478w\" sizes=\"(max-width: 224px) 100vw, 224px\" \/><\/a>Zehn Jahre war er Mitglied der deutschen Nationalmannschaft. In dieser Zeit wurde er 6 x Deutscher Meister, 2 x internationaler Deutscher Meister, wurde 1994 Europameister, siegte mehrfach bei den Austrian Open und gewann viele weitere Medaillen.<\/p>\n<p style=\"text-align: justify;\">Zus\u00e4tzlich trainiert er seit 25 Jahren Nachwuchssportler und kn\u00fcpft auch als Trainer mit seinen Sch\u00fctzlingen an die eigenen Erfolge an.<\/p>\n<p style=\"text-align: justify;\">Der Verein Taekwondo-Ates e. V. erhielt f\u00fcr seine zehnj\u00e4hrige Mitgliedschaft die Ehrenplakette in \u201eBronze\u201c des TUBW. In dieser Zeit unterst\u00fctzte der Verein die Arbeit des TUBW und richtete unter anderem die Badischen Meisterschaften und Baden-W\u00fcrttembergischen Meisterschaften aus. Mit seinen Sportlern nahm er an den TUBW-Meisterschaften mit gro\u00dfem Erfolg teil.<\/p>\n<p style=\"text-align: justify;\">Aydin Ates bedankte sich f\u00fcr die Ehrungen bei dem Pr\u00e4sidenten des TUBW Wolfgang Br\u00fcckel und dem Vizepr\u00e4sidenten Kum-Sik Kwak.<\/p>\n<p style=\"text-align: justify;\">\n","protected":false},"excerpt":{"rendered":"<p>Aydin Ates erhielt 2011 die Ehrenplakette in \u201eGold\u201c des TUBW (Taekwondo Union Baden-W\u00fcrttemberg). Mit dieser hohen Auszeichnung w\u00fcrdigte der TUBW die vielf\u00e4ltigen, ehrenamtlichen Leistungen Aydin Ates f\u00fcr den Verband als aktiver Sportler und Trainer. Zehn Jahre war er Mitglied der &hellip; <a href=\"http:\/\/www.taekwondo-ates.de\/?p=160\">Weiterlesen <span class=\"meta-nav\">&rarr;<\/span><\/a><\/p>\n","protected":false},"author":1,"featured_media":161,"comment_status":"closed","ping_status":"open","sticky":false,"template":"","format":"standard","meta":{"ngg_post_thumbnail":0,"jetpack_post_was_ever_published":false},"categories":[1],"tags":[],"jetpack_featured_media_url":"http:\/\/www.taekwondo-ates.de\/wp-content\/uploads\/2011\/11\/Foto.jpg","jetpack_shortlink":"https:\/\/wp.me\/p214aU-2A","jetpack_sharing_enabled":true,"_links":{"self":[{"href":"http:\/\/www.taekwondo-ates.de\/index.php?rest_route=\/wp\/v2\/posts\/160"}],"collection":[{"href":"http:\/\/www.taekwondo-ates.de\/index.php?rest_route=\/wp\/v2\/posts"}],"about":[{"href":"http:\/\/www.taekwondo-ates.de\/index.php?rest_route=\/wp\/v2\/types\/post"}],"author":[{"embeddable":true,"href":"http:\/\/www.taekwondo-ates.de\/index.php?rest_route=\/wp\/v2\/users\/1"}],"replies":[{"embeddable":true,"href":"http:\/\/www.taekwondo-ates.de\/index.php?rest_route=%2Fwp%2Fv2%2Fcomments&post=160"}],"version-history":[{"count":3,"href":"http:\/\/www.taekwondo-ates.de\/index.php?rest_route=\/wp\/v2\/posts\/160\/revisions"}],"predecessor-version":[{"id":163,"href":"http:\/\/www.taekwondo-ates.de\/index.php?rest_route=\/wp\/v2\/posts\/160\/revisions\/163"}],"wp:featuredmedia":[{"embeddable":true,"href":"http:\/\/www.taekwondo-ates.de\/index.php?rest_route=\/wp\/v2\/media\/161"}],"wp:attachment":[{"href":"http:\/\/www.taekwondo-ates.de\/index.php?rest_route=%2Fwp%2Fv2%2Fmedia&parent=160"}],"wp:term":[{"taxonomy":"category","embeddable":true,"href":"http:\/\/www.taekwondo-ates.de\/index.php?rest_route=%2Fwp%2Fv2%2Fcategories&post=160"},{"taxonomy":"post_tag","embeddable":true,"href":"http:\/\/www.taekwondo-ates.de\/index.php?rest_route=%2Fwp%2Fv2%2Ftags&post=160"}],"curies":[{"name":"wp","href":"https:\/\/api.w.org\/{rel}","templated":true}]}}