{"id":154,"date":"2011-03-20T23:09:48","date_gmt":"2011-03-20T22:09:48","guid":{"rendered":"http:\/\/www.taekwondo-ates.de\/blog\/?p=154"},"modified":"2011-12-20T11:10:36","modified_gmt":"2011-12-20T10:10:36","slug":"taekwondo-ates-unterstutzt-behindertes-kind-und-judo-club-pforzheim","status":"publish","type":"post","link":"http:\/\/www.taekwondo-ates.de\/?p=154","title":{"rendered":"Taekwondo ATES unterst\u00fctzt behindertes Kind und Judo Club Pforzheim"},"content":{"rendered":"<p style=\"text-align: justify;\">Mit der Teilnahme am Taekwondo-Benefiz- Freundschafts-Pokalturnier in Pforzheim letzten Sonntag spendet Taekwondo Ates\u00a0mit 8 Teilnehmern die Startgeb\u00fchr dieser Veranstaltung und die ehrenamtliche Aufgabe als Kampfrichter durch Aydin Ates<br \/>\ndem kranken Kind aus Pforzheim. Bei dem Freundschaftskampf erreichten mit 8 Teilnehmern von Taekwondo ATES\u00a04 den 1. Platz. Jason Wolf von Taekwondo Ates gewann seinen Kampf mit spektakul\u00e4ren Techniken,\u00a0wurde als Bester Techniker ausgezeichnet und bekam ein Techniker Pokal \u00fcberreicht.<\/p>\n<div id=\"attachment_155\" style=\"width: 310px\" class=\"wp-caption aligncenter\"><a href=\"\/wp-content\/uploads\/2011\/11\/BenefizPf_1.jpg\"><img aria-describedby=\"caption-attachment-155\" data-attachment-id=\"155\" data-permalink=\"http:\/\/www.taekwondo-ates.de\/?attachment_id=155\" data-orig-file=\"http:\/\/www.taekwondo-ates.de\/wp-content\/uploads\/2011\/11\/BenefizPf_1.jpg\" data-orig-size=\"640,480\" data-comments-opened=\"0\" data-image-meta=\"{&quot;aperture&quot;:&quot;3.6&quot;,&quot;credit&quot;:&quot;&quot;,&quot;camera&quot;:&quot;MHS-PM5&quot;,&quot;caption&quot;:&quot;&quot;,&quot;created_timestamp&quot;:&quot;1264189993&quot;,&quot;copyright&quot;:&quot;&quot;,&quot;focal_length&quot;:&quot;6.95&quot;,&quot;iso&quot;:&quot;250&quot;,&quot;shutter_speed&quot;:&quot;0.016666666666667&quot;,&quot;title&quot;:&quot;&quot;}\" data-image-title=\"BenefizPf_1\" data-image-description=\"\" data-image-caption=\"\" data-medium-file=\"http:\/\/www.taekwondo-ates.de\/wp-content\/uploads\/2011\/11\/BenefizPf_1-300x225.jpg\" data-large-file=\"http:\/\/www.taekwondo-ates.de\/wp-content\/uploads\/2011\/11\/BenefizPf_1.jpg\" decoding=\"async\" loading=\"lazy\" class=\"size-medium wp-image-155\" title=\"BenefizPf_1\" src=\"\/wp-content\/uploads\/2011\/11\/BenefizPf_1-300x225.jpg\" alt=\"\" width=\"300\" height=\"225\" srcset=\"http:\/\/www.taekwondo-ates.de\/wp-content\/uploads\/2011\/11\/BenefizPf_1-300x225.jpg 300w, http:\/\/www.taekwondo-ates.de\/wp-content\/uploads\/2011\/11\/BenefizPf_1-400x300.jpg 400w, http:\/\/www.taekwondo-ates.de\/wp-content\/uploads\/2011\/11\/BenefizPf_1.jpg 640w\" sizes=\"(max-width: 300px) 100vw, 300px\" \/><\/a><p id=\"caption-attachment-155\" class=\"wp-caption-text\">von vorn nach hinten: Cornelius J\u00f6rger 2. Pl, Cengiz Karakus 1. Pl., Ceren K\u00fcrekci 1. Pl., Jason Wolf 1.Pl., Steven Stum 1.Pl., Timm Meier 2.Pl., Maurice H\u00e4ttig 2.Pl., Tobias Kretschmann 2.Pl. Coach Kenan K\u00fcrekci und Baykal Karakus<\/p><\/div>\n<p style=\"text-align: center;\"><a href=\"\/wp-content\/uploads\/2011\/11\/BenefizPf_2.jpg\"><!--more--><img data-attachment-id=\"156\" data-permalink=\"http:\/\/www.taekwondo-ates.de\/?attachment_id=156\" data-orig-file=\"http:\/\/www.taekwondo-ates.de\/wp-content\/uploads\/2011\/11\/BenefizPf_2.jpg\" data-orig-size=\"640,480\" data-comments-opened=\"0\" data-image-meta=\"{&quot;aperture&quot;:&quot;3.6&quot;,&quot;credit&quot;:&quot;&quot;,&quot;camera&quot;:&quot;MHS-PM5&quot;,&quot;caption&quot;:&quot;&quot;,&quot;created_timestamp&quot;:&quot;1264190328&quot;,&quot;copyright&quot;:&quot;&quot;,&quot;focal_length&quot;:&quot;6.95&quot;,&quot;iso&quot;:&quot;320&quot;,&quot;shutter_speed&quot;:&quot;0.033333333333333&quot;,&quot;title&quot;:&quot;&quot;}\" data-image-title=\"BenefizPf_2\" data-image-description=\"\" data-image-caption=\"\" data-medium-file=\"http:\/\/www.taekwondo-ates.de\/wp-content\/uploads\/2011\/11\/BenefizPf_2-300x225.jpg\" data-large-file=\"http:\/\/www.taekwondo-ates.de\/wp-content\/uploads\/2011\/11\/BenefizPf_2.jpg\" decoding=\"async\" loading=\"lazy\" class=\"aligncenter size-medium wp-image-156\" title=\"BenefizPf_2\" src=\"\/wp-content\/uploads\/2011\/11\/BenefizPf_2-300x225.jpg\" alt=\"\" width=\"300\" height=\"225\" srcset=\"http:\/\/www.taekwondo-ates.de\/wp-content\/uploads\/2011\/11\/BenefizPf_2-300x225.jpg 300w, http:\/\/www.taekwondo-ates.de\/wp-content\/uploads\/2011\/11\/BenefizPf_2-400x300.jpg 400w, http:\/\/www.taekwondo-ates.de\/wp-content\/uploads\/2011\/11\/BenefizPf_2.jpg 640w\" sizes=\"(max-width: 300px) 100vw, 300px\" \/><\/a><a href=\"\/wp-content\/uploads\/2011\/11\/BenefizPf_3.jpg\"><img data-attachment-id=\"157\" data-permalink=\"http:\/\/www.taekwondo-ates.de\/?attachment_id=157\" data-orig-file=\"http:\/\/www.taekwondo-ates.de\/wp-content\/uploads\/2011\/11\/BenefizPf_3.jpg\" data-orig-size=\"640,480\" data-comments-opened=\"0\" data-image-meta=\"{&quot;aperture&quot;:&quot;3.6&quot;,&quot;credit&quot;:&quot;&quot;,&quot;camera&quot;:&quot;MHS-PM5&quot;,&quot;caption&quot;:&quot;&quot;,&quot;created_timestamp&quot;:&quot;1264211606&quot;,&quot;copyright&quot;:&quot;&quot;,&quot;focal_length&quot;:&quot;6.95&quot;,&quot;iso&quot;:&quot;320&quot;,&quot;shutter_speed&quot;:&quot;0.033333333333333&quot;,&quot;title&quot;:&quot;&quot;}\" data-image-title=\"BenefizPf_3\" data-image-description=\"\" data-image-caption=\"\" data-medium-file=\"http:\/\/www.taekwondo-ates.de\/wp-content\/uploads\/2011\/11\/BenefizPf_3-300x225.jpg\" data-large-file=\"http:\/\/www.taekwondo-ates.de\/wp-content\/uploads\/2011\/11\/BenefizPf_3.jpg\" decoding=\"async\" loading=\"lazy\" class=\"aligncenter size-medium wp-image-157\" title=\"BenefizPf_3\" src=\"\/wp-content\/uploads\/2011\/11\/BenefizPf_3-300x225.jpg\" alt=\"\" width=\"300\" height=\"225\" srcset=\"http:\/\/www.taekwondo-ates.de\/wp-content\/uploads\/2011\/11\/BenefizPf_3-300x225.jpg 300w, http:\/\/www.taekwondo-ates.de\/wp-content\/uploads\/2011\/11\/BenefizPf_3-400x300.jpg 400w, http:\/\/www.taekwondo-ates.de\/wp-content\/uploads\/2011\/11\/BenefizPf_3.jpg 640w\" sizes=\"(max-width: 300px) 100vw, 300px\" \/><\/a><\/p>\n","protected":false},"excerpt":{"rendered":"<p>Mit der Teilnahme am Taekwondo-Benefiz- Freundschafts-Pokalturnier in Pforzheim letzten Sonntag spendet Taekwondo Ates\u00a0mit 8 Teilnehmern die Startgeb\u00fchr dieser Veranstaltung und die ehrenamtliche Aufgabe als Kampfrichter durch Aydin Ates dem kranken Kind aus Pforzheim. Bei dem Freundschaftskampf erreichten mit 8 Teilnehmern &hellip; <a href=\"http:\/\/www.taekwondo-ates.de\/?p=154\">Weiterlesen <span class=\"meta-nav\">&rarr;<\/span><\/a><\/p>\n","protected":false},"author":1,"featured_media":155,"comment_status":"closed","ping_status":"open","sticky":false,"template":"","format":"standard","meta":{"ngg_post_thumbnail":0,"jetpack_post_was_ever_published":false},"categories":[4],"tags":[],"jetpack_featured_media_url":"http:\/\/www.taekwondo-ates.de\/wp-content\/uploads\/2011\/11\/BenefizPf_1.jpg","jetpack_shortlink":"https:\/\/wp.me\/p214aU-2u","jetpack_sharing_enabled":true,"_links":{"self":[{"href":"http:\/\/www.taekwondo-ates.de\/index.php?rest_route=\/wp\/v2\/posts\/154"}],"collection":[{"href":"http:\/\/www.taekwondo-ates.de\/index.php?rest_route=\/wp\/v2\/posts"}],"about":[{"href":"http:\/\/www.taekwondo-ates.de\/index.php?rest_route=\/wp\/v2\/types\/post"}],"author":[{"embeddable":true,"href":"http:\/\/www.taekwondo-ates.de\/index.php?rest_route=\/wp\/v2\/users\/1"}],"replies":[{"embeddable":true,"href":"http:\/\/www.taekwondo-ates.de\/index.php?rest_route=%2Fwp%2Fv2%2Fcomments&post=154"}],"version-history":[{"count":4,"href":"http:\/\/www.taekwondo-ates.de\/index.php?rest_route=\/wp\/v2\/posts\/154\/revisions"}],"predecessor-version":[{"id":294,"href":"http:\/\/www.taekwondo-ates.de\/index.php?rest_route=\/wp\/v2\/posts\/154\/revisions\/294"}],"wp:featuredmedia":[{"embeddable":true,"href":"http:\/\/www.taekwondo-ates.de\/index.php?rest_route=\/wp\/v2\/media\/155"}],"wp:attachment":[{"href":"http:\/\/www.taekwondo-ates.de\/index.php?rest_route=%2Fwp%2Fv2%2Fmedia&parent=154"}],"wp:term":[{"taxonomy":"category","embeddable":true,"href":"http:\/\/www.taekwondo-ates.de\/index.php?rest_route=%2Fwp%2Fv2%2Fcategories&post=154"},{"taxonomy":"post_tag","embeddable":true,"href":"http:\/\/www.taekwondo-ates.de\/index.php?rest_route=%2Fwp%2Fv2%2Ftags&post=154"}],"curies":[{"name":"wp","href":"https:\/\/api.w.org\/{rel}","templated":true}]}}