{"id":1504,"date":"2015-01-26T21:44:18","date_gmt":"2015-01-26T20:44:18","guid":{"rendered":"http:\/\/www.taekwondo-ates.de\/?p=1504"},"modified":"2015-01-26T21:44:18","modified_gmt":"2015-01-26T20:44:18","slug":"int-creti-cup-24-25-01-15-in-reutlingen","status":"publish","type":"post","link":"http:\/\/www.taekwondo-ates.de\/?p=1504","title":{"rendered":"Int. Creti-Cup 24.-25.01.15 in Reutlingen"},"content":{"rendered":"<p style=\"text-align: justify;\">Das erste internationale Turnier des Jahres, den Creti-Cup in Reutlingen, nutzten 600 Teilnehmer aus\u00a0ganz Deutschland und viele aus dem Ausland.<\/p>\n<p style=\"text-align: justify;\">Auch Taekwondo Ates nutzte dieses Turnier\u00a0zur Vorbereitung der Sch\u00fcler auf die Deutschen Jugend Meisterschaften, die eine Woche\u00a0sp\u00e4ter stattfinden.<\/p>\n<p style=\"text-align: justify;\">Devin Schulz zeigte gute Leistungen, er gewann seinen ersten Kampf\u00a0nach Punkten und musste sich im zweiten Kampf in der Verl\u00e4ngerung mit Golden Point\u00a0geschlagen geben. Leon Schulz fand nicht zu seiner gewohnten Form und verlor im ersten Kampf.<\/p>\n<p style=\"text-align: justify;\">Jason Wolf und Luca Bohnert konnten sich jeweils eine Bronzemedaille erk\u00e4mpfen.<\/p>\n<p style=\"text-align: justify;\">Tim Seegers verlor gegen den fast einen Kopf gr\u00f6\u00dferen K\u00e4mpfer aus BTU und erreichte ebenfalls eine Bronzemedaille.<\/p>\n<p style=\"text-align: justify;\">Anika Glatz (nicht im Bild) musste sich ebenfalls im ersten Kampf ganz knapp gegen Berlin geschlagen geben.<\/p>\n<p style=\"text-align: justify;\">Cornelius J\u00f6rger (nicht im Bild) gewinnt seinen ersten Kampf und konnte verletzungsbedingt seinen n\u00e4chsten Kampf nicht antreten.<\/p>\n<p style=\"text-align: justify;\"><a href=\"http:\/\/www.taekwondo-ates.de\/wp-content\/uploads\/2015\/01\/CretiCup15.jpg\"><img data-attachment-id=\"1506\" data-permalink=\"http:\/\/www.taekwondo-ates.de\/?attachment_id=1506\" data-orig-file=\"http:\/\/www.taekwondo-ates.de\/wp-content\/uploads\/2015\/01\/CretiCup15.jpg\" data-orig-size=\"1000,592\" data-comments-opened=\"0\" data-image-meta=\"{&quot;aperture&quot;:&quot;2.6&quot;,&quot;credit&quot;:&quot;&quot;,&quot;camera&quot;:&quot;GT-I9300&quot;,&quot;caption&quot;:&quot;&quot;,&quot;created_timestamp&quot;:&quot;1422110648&quot;,&quot;copyright&quot;:&quot;&quot;,&quot;focal_length&quot;:&quot;3.7&quot;,&quot;iso&quot;:&quot;64&quot;,&quot;shutter_speed&quot;:&quot;0.066666666666667&quot;,&quot;title&quot;:&quot;&quot;}\" data-image-title=\"CretiCup15\" data-image-description=\"\" data-image-caption=\"\" data-medium-file=\"http:\/\/www.taekwondo-ates.de\/wp-content\/uploads\/2015\/01\/CretiCup15-300x177.jpg\" data-large-file=\"http:\/\/www.taekwondo-ates.de\/wp-content\/uploads\/2015\/01\/CretiCup15.jpg\" decoding=\"async\" loading=\"lazy\" class=\"aligncenter size-medium wp-image-1506\" alt=\"CretiCup15\" src=\"http:\/\/www.taekwondo-ates.de\/wp-content\/uploads\/2015\/01\/CretiCup15-300x177.jpg\" width=\"300\" height=\"177\" srcset=\"http:\/\/www.taekwondo-ates.de\/wp-content\/uploads\/2015\/01\/CretiCup15-300x177.jpg 300w, http:\/\/www.taekwondo-ates.de\/wp-content\/uploads\/2015\/01\/CretiCup15-500x296.jpg 500w, http:\/\/www.taekwondo-ates.de\/wp-content\/uploads\/2015\/01\/CretiCup15.jpg 1000w\" sizes=\"(max-width: 300px) 100vw, 300px\" \/><\/a><\/p>\n<p>\u00a0<em id=\"__mceDel\">Bild von links:<\/em><\/p>\n<p>Trainer Aydin Ates, Luca Bohnert 3 Pl., Jason Wolf 3.Pl., Devin Schulz, Tim Seegers 3.Pl., Leon Schulz, Trainer Atila G\u00fcld\u00fcren<\/p>\n","protected":false},"excerpt":{"rendered":"<p>Das erste internationale Turnier des Jahres, den Creti-Cup in Reutlingen, nutzten 600 Teilnehmer aus\u00a0ganz Deutschland und viele aus dem Ausland. Auch Taekwondo Ates nutzte dieses Turnier\u00a0zur Vorbereitung der Sch\u00fcler auf die Deutschen Jugend Meisterschaften, die eine Woche\u00a0sp\u00e4ter stattfinden. Devin Schulz &hellip; <a href=\"http:\/\/www.taekwondo-ates.de\/?p=1504\">Weiterlesen <span class=\"meta-nav\">&rarr;<\/span><\/a><\/p>\n","protected":false},"author":1,"featured_media":0,"comment_status":"closed","ping_status":"closed","sticky":false,"template":"","format":"standard","meta":{"ngg_post_thumbnail":0,"jetpack_post_was_ever_published":false},"categories":[4],"tags":[],"jetpack_featured_media_url":"","jetpack_shortlink":"https:\/\/wp.me\/p214aU-og","jetpack_sharing_enabled":true,"_links":{"self":[{"href":"http:\/\/www.taekwondo-ates.de\/index.php?rest_route=\/wp\/v2\/posts\/1504"}],"collection":[{"href":"http:\/\/www.taekwondo-ates.de\/index.php?rest_route=\/wp\/v2\/posts"}],"about":[{"href":"http:\/\/www.taekwondo-ates.de\/index.php?rest_route=\/wp\/v2\/types\/post"}],"author":[{"embeddable":true,"href":"http:\/\/www.taekwondo-ates.de\/index.php?rest_route=\/wp\/v2\/users\/1"}],"replies":[{"embeddable":true,"href":"http:\/\/www.taekwondo-ates.de\/index.php?rest_route=%2Fwp%2Fv2%2Fcomments&post=1504"}],"version-history":[{"count":2,"href":"http:\/\/www.taekwondo-ates.de\/index.php?rest_route=\/wp\/v2\/posts\/1504\/revisions"}],"predecessor-version":[{"id":1508,"href":"http:\/\/www.taekwondo-ates.de\/index.php?rest_route=\/wp\/v2\/posts\/1504\/revisions\/1508"}],"wp:attachment":[{"href":"http:\/\/www.taekwondo-ates.de\/index.php?rest_route=%2Fwp%2Fv2%2Fmedia&parent=1504"}],"wp:term":[{"taxonomy":"category","embeddable":true,"href":"http:\/\/www.taekwondo-ates.de\/index.php?rest_route=%2Fwp%2Fv2%2Fcategories&post=1504"},{"taxonomy":"post_tag","embeddable":true,"href":"http:\/\/www.taekwondo-ates.de\/index.php?rest_route=%2Fwp%2Fv2%2Ftags&post=1504"}],"curies":[{"name":"wp","href":"https:\/\/api.w.org\/{rel}","templated":true}]}}