{"id":1485,"date":"2014-12-14T21:14:28","date_gmt":"2014-12-14T20:14:28","guid":{"rendered":"http:\/\/www.taekwondo-ates.de\/?p=1485"},"modified":"2014-12-14T21:14:28","modified_gmt":"2014-12-14T20:14:28","slug":"gurtelprufung-zum-jahresende-2","status":"publish","type":"post","link":"http:\/\/www.taekwondo-ates.de\/?p=1485","title":{"rendered":"G\u00fcrtelpr\u00fcfung zum Jahresende"},"content":{"rendered":"<p style=\"text-align: justify;\">Kurz vor den Weihnachtsferien f\u00fchrte Taekwondo\u00a0Ates\u00a0am 12.12.2014 noch eine G\u00fcrtelpr\u00fcfung durch.<\/p>\n<p style=\"text-align: justify;\">14 Sch\u00fcler aus dem Kindertraining von Taekwondo Ates waren soweit ihre erste bzw. zweite G\u00fcrtelpr\u00fcfung zu absolvieren,\u00a0was sie erfolgreich meisterten. Nach 30 Minuten Pr\u00fcfungsstress konnte Pr\u00fcfer Ibrahim S\u00f6nmezates (6. Dan) den Flei\u00df und die Ausdauer\u00a0der Sch\u00fctzlinge belohnen und ihnen zur bestandenen Pr\u00fcfung gratulieren. Es bestanden die Pr\u00fcfung zum wei\u00df-gelben und gelben G\u00fcrtel\u00a0mit guter Leistung\u00a0:<\/p>\n<p style=\"text-align: center;\"><a href=\"http:\/\/www.taekwondo-ates.de\/wp-content\/uploads\/2014\/12\/20141212_174150-1.jpg\"><img data-attachment-id=\"1486\" data-permalink=\"http:\/\/www.taekwondo-ates.de\/?attachment_id=1486\" data-orig-file=\"http:\/\/www.taekwondo-ates.de\/wp-content\/uploads\/2014\/12\/20141212_174150-1.jpg\" data-orig-size=\"1000,619\" data-comments-opened=\"0\" data-image-meta=\"{&quot;aperture&quot;:&quot;0&quot;,&quot;credit&quot;:&quot;&quot;,&quot;camera&quot;:&quot;GT-I9300&quot;,&quot;caption&quot;:&quot;&quot;,&quot;created_timestamp&quot;:&quot;0&quot;,&quot;copyright&quot;:&quot;&quot;,&quot;focal_length&quot;:&quot;0&quot;,&quot;iso&quot;:&quot;0&quot;,&quot;shutter_speed&quot;:&quot;0&quot;,&quot;title&quot;:&quot;&quot;}\" data-image-title=\"20141212_174150-1\" data-image-description=\"\" data-image-caption=\"\" data-medium-file=\"http:\/\/www.taekwondo-ates.de\/wp-content\/uploads\/2014\/12\/20141212_174150-1-300x185.jpg\" data-large-file=\"http:\/\/www.taekwondo-ates.de\/wp-content\/uploads\/2014\/12\/20141212_174150-1.jpg\" decoding=\"async\" class=\"aligncenter  wp-image-1486\" alt=\"20141212_174150-1\" src=\"http:\/\/www.taekwondo-ates.de\/wp-content\/uploads\/2014\/12\/20141212_174150-1-300x185.jpg\" width=\"580\" srcset=\"http:\/\/www.taekwondo-ates.de\/wp-content\/uploads\/2014\/12\/20141212_174150-1-300x185.jpg 300w, http:\/\/www.taekwondo-ates.de\/wp-content\/uploads\/2014\/12\/20141212_174150-1-484x300.jpg 484w, http:\/\/www.taekwondo-ates.de\/wp-content\/uploads\/2014\/12\/20141212_174150-1.jpg 1000w\" sizes=\"(max-width: 300px) 100vw, 300px\" \/><\/a><\/p>\n<p style=\"text-align: justify;\">Vorne von links: Luis Engel, Aliya Tausch, Ioannis Mangoufis, Mirco Becker, Benjamin Sp\u00e4th, Aurel B\u00f6llinger, Max Zahn.<\/p>\n<p style=\"text-align: justify;\">Hinten: Trainer Aydin Ates, Nafisa Demir, Matthias Bay, Silas Kienzle, Yanneck Bach, Anil Tarhan, Fabio Romano, Dijar Usta, Pr\u00fcfer Ibrahim S\u00f6nmezates<\/p>\n\n\t\t<style type=\"text\/css\">\n\t\t\t#gallery-1 {\n\t\t\t\tmargin: auto;\n\t\t\t}\n\t\t\t#gallery-1 .gallery-item {\n\t\t\t\tfloat: left;\n\t\t\t\tmargin-top: 10px;\n\t\t\t\ttext-align: center;\n\t\t\t\twidth: 33%;\n\t\t\t}\n\t\t\t#gallery-1 img {\n\t\t\t\tborder: 2px solid #cfcfcf;\n\t\t\t}\n\t\t\t#gallery-1 .gallery-caption {\n\t\t\t\tmargin-left: 0;\n\t\t\t}\n\t\t\t\/* see gallery_shortcode() in wp-includes\/media.php *\/\n\t\t<\/style>\n\t\t<div data-carousel-extra='{\"blog_id\":1,\"permalink\":\"http:\\\/\\\/www.taekwondo-ates.de\\\/?p=1485\"}' id='gallery-1' class='gallery galleryid-1485 gallery-columns-3 gallery-size-thumbnail'><dl class='gallery-item'>\n\t\t\t<dt class='gallery-icon landscape'>\n\t\t\t\t<a href='http:\/\/www.taekwondo-ates.de\/?attachment_id=1487'><img width=\"150\" height=\"150\" src=\"http:\/\/www.taekwondo-ates.de\/wp-content\/uploads\/2014\/12\/20141212_181516-150x150.jpg\" class=\"attachment-thumbnail size-thumbnail\" alt=\"\" decoding=\"async\" loading=\"lazy\" data-attachment-id=\"1487\" data-permalink=\"http:\/\/www.taekwondo-ates.de\/?attachment_id=1487\" data-orig-file=\"http:\/\/www.taekwondo-ates.de\/wp-content\/uploads\/2014\/12\/20141212_181516.jpg\" data-orig-size=\"1000,750\" data-comments-opened=\"0\" data-image-meta=\"{&quot;aperture&quot;:&quot;2.6&quot;,&quot;credit&quot;:&quot;&quot;,&quot;camera&quot;:&quot;GT-I9300&quot;,&quot;caption&quot;:&quot;&quot;,&quot;created_timestamp&quot;:&quot;1418408115&quot;,&quot;copyright&quot;:&quot;&quot;,&quot;focal_length&quot;:&quot;3.7&quot;,&quot;iso&quot;:&quot;50&quot;,&quot;shutter_speed&quot;:&quot;0.047619047619048&quot;,&quot;title&quot;:&quot;&quot;}\" data-image-title=\"20141212_181516\" data-image-description=\"\" data-image-caption=\"\" data-medium-file=\"http:\/\/www.taekwondo-ates.de\/wp-content\/uploads\/2014\/12\/20141212_181516-300x225.jpg\" data-large-file=\"http:\/\/www.taekwondo-ates.de\/wp-content\/uploads\/2014\/12\/20141212_181516.jpg\" \/><\/a>\n\t\t\t<\/dt><\/dl><dl class='gallery-item'>\n\t\t\t<dt class='gallery-icon landscape'>\n\t\t\t\t<a href='http:\/\/www.taekwondo-ates.de\/?attachment_id=1488'><img width=\"150\" height=\"150\" src=\"http:\/\/www.taekwondo-ates.de\/wp-content\/uploads\/2014\/12\/20141212_184232-150x150.jpg\" class=\"attachment-thumbnail size-thumbnail\" alt=\"\" decoding=\"async\" loading=\"lazy\" data-attachment-id=\"1488\" data-permalink=\"http:\/\/www.taekwondo-ates.de\/?attachment_id=1488\" data-orig-file=\"http:\/\/www.taekwondo-ates.de\/wp-content\/uploads\/2014\/12\/20141212_184232.jpg\" data-orig-size=\"1000,750\" data-comments-opened=\"0\" data-image-meta=\"{&quot;aperture&quot;:&quot;2.6&quot;,&quot;credit&quot;:&quot;&quot;,&quot;camera&quot;:&quot;GT-I9300&quot;,&quot;caption&quot;:&quot;&quot;,&quot;created_timestamp&quot;:&quot;1418409752&quot;,&quot;copyright&quot;:&quot;&quot;,&quot;focal_length&quot;:&quot;3.7&quot;,&quot;iso&quot;:&quot;50&quot;,&quot;shutter_speed&quot;:&quot;0.047619047619048&quot;,&quot;title&quot;:&quot;&quot;}\" data-image-title=\"20141212_184232\" data-image-description=\"\" data-image-caption=\"\" data-medium-file=\"http:\/\/www.taekwondo-ates.de\/wp-content\/uploads\/2014\/12\/20141212_184232-300x225.jpg\" data-large-file=\"http:\/\/www.taekwondo-ates.de\/wp-content\/uploads\/2014\/12\/20141212_184232.jpg\" \/><\/a>\n\t\t\t<\/dt><\/dl><dl class='gallery-item'>\n\t\t\t<dt class='gallery-icon landscape'>\n\t\t\t\t<a href='http:\/\/www.taekwondo-ates.de\/?attachment_id=1489'><img width=\"150\" height=\"150\" src=\"http:\/\/www.taekwondo-ates.de\/wp-content\/uploads\/2014\/12\/20141212_190112-150x150.jpg\" class=\"attachment-thumbnail size-thumbnail\" alt=\"\" decoding=\"async\" loading=\"lazy\" data-attachment-id=\"1489\" data-permalink=\"http:\/\/www.taekwondo-ates.de\/?attachment_id=1489\" data-orig-file=\"http:\/\/www.taekwondo-ates.de\/wp-content\/uploads\/2014\/12\/20141212_190112.jpg\" data-orig-size=\"1000,750\" data-comments-opened=\"0\" data-image-meta=\"{&quot;aperture&quot;:&quot;2.6&quot;,&quot;credit&quot;:&quot;&quot;,&quot;camera&quot;:&quot;GT-I9300&quot;,&quot;caption&quot;:&quot;&quot;,&quot;created_timestamp&quot;:&quot;1418410872&quot;,&quot;copyright&quot;:&quot;&quot;,&quot;focal_length&quot;:&quot;3.7&quot;,&quot;iso&quot;:&quot;50&quot;,&quot;shutter_speed&quot;:&quot;0.04&quot;,&quot;title&quot;:&quot;&quot;}\" data-image-title=\"20141212_190112\" data-image-description=\"\" data-image-caption=\"\" data-medium-file=\"http:\/\/www.taekwondo-ates.de\/wp-content\/uploads\/2014\/12\/20141212_190112-300x225.jpg\" data-large-file=\"http:\/\/www.taekwondo-ates.de\/wp-content\/uploads\/2014\/12\/20141212_190112.jpg\" \/><\/a>\n\t\t\t<\/dt><\/dl><br style=\"clear: both\" \/><dl class='gallery-item'>\n\t\t\t<dt class='gallery-icon landscape'>\n\t\t\t\t<a href='http:\/\/www.taekwondo-ates.de\/?attachment_id=1490'><img width=\"150\" height=\"150\" src=\"http:\/\/www.taekwondo-ates.de\/wp-content\/uploads\/2014\/12\/20141212_191443-150x150.jpg\" class=\"attachment-thumbnail size-thumbnail\" alt=\"\" decoding=\"async\" loading=\"lazy\" data-attachment-id=\"1490\" data-permalink=\"http:\/\/www.taekwondo-ates.de\/?attachment_id=1490\" data-orig-file=\"http:\/\/www.taekwondo-ates.de\/wp-content\/uploads\/2014\/12\/20141212_191443.jpg\" data-orig-size=\"1000,750\" data-comments-opened=\"0\" data-image-meta=\"{&quot;aperture&quot;:&quot;2.6&quot;,&quot;credit&quot;:&quot;&quot;,&quot;camera&quot;:&quot;GT-I9300&quot;,&quot;caption&quot;:&quot;&quot;,&quot;created_timestamp&quot;:&quot;1418411683&quot;,&quot;copyright&quot;:&quot;&quot;,&quot;focal_length&quot;:&quot;3.7&quot;,&quot;iso&quot;:&quot;50&quot;,&quot;shutter_speed&quot;:&quot;0.047619047619048&quot;,&quot;title&quot;:&quot;&quot;}\" data-image-title=\"20141212_191443\" data-image-description=\"\" data-image-caption=\"\" data-medium-file=\"http:\/\/www.taekwondo-ates.de\/wp-content\/uploads\/2014\/12\/20141212_191443-300x225.jpg\" data-large-file=\"http:\/\/www.taekwondo-ates.de\/wp-content\/uploads\/2014\/12\/20141212_191443.jpg\" \/><\/a>\n\t\t\t<\/dt><\/dl><dl class='gallery-item'>\n\t\t\t<dt class='gallery-icon landscape'>\n\t\t\t\t<a href='http:\/\/www.taekwondo-ates.de\/?attachment_id=1491'><img width=\"150\" height=\"150\" src=\"http:\/\/www.taekwondo-ates.de\/wp-content\/uploads\/2014\/12\/pr\u00fcfung_jue-1-150x150.jpg\" class=\"attachment-thumbnail size-thumbnail\" alt=\"\" decoding=\"async\" loading=\"lazy\" data-attachment-id=\"1491\" data-permalink=\"http:\/\/www.taekwondo-ates.de\/?attachment_id=1491\" data-orig-file=\"http:\/\/www.taekwondo-ates.de\/wp-content\/uploads\/2014\/12\/pr\u00fcfung_jue-1.jpg\" data-orig-size=\"1000,667\" data-comments-opened=\"0\" data-image-meta=\"{&quot;aperture&quot;:&quot;7.1&quot;,&quot;credit&quot;:&quot;Stefan Winkler&quot;,&quot;camera&quot;:&quot;Canon EOS 400D DIGITAL&quot;,&quot;caption&quot;:&quot;&quot;,&quot;created_timestamp&quot;:&quot;1418416581&quot;,&quot;copyright&quot;:&quot;WinFoto.de \\\/ Stefan Winkler&quot;,&quot;focal_length&quot;:&quot;35&quot;,&quot;iso&quot;:&quot;1600&quot;,&quot;shutter_speed&quot;:&quot;0.008&quot;,&quot;title&quot;:&quot;&quot;}\" data-image-title=\"pr\u00fcfung_jue-1\" data-image-description=\"\" data-image-caption=\"\" data-medium-file=\"http:\/\/www.taekwondo-ates.de\/wp-content\/uploads\/2014\/12\/pr\u00fcfung_jue-1-300x200.jpg\" data-large-file=\"http:\/\/www.taekwondo-ates.de\/wp-content\/uploads\/2014\/12\/pr\u00fcfung_jue-1.jpg\" \/><\/a>\n\t\t\t<\/dt><\/dl><dl class='gallery-item'>\n\t\t\t<dt class='gallery-icon landscape'>\n\t\t\t\t<a href='http:\/\/www.taekwondo-ates.de\/?attachment_id=1493'><img width=\"150\" height=\"150\" src=\"http:\/\/www.taekwondo-ates.de\/wp-content\/uploads\/2014\/12\/pr\u00fcfung_jue-2-150x150.jpg\" class=\"attachment-thumbnail size-thumbnail\" alt=\"\" decoding=\"async\" loading=\"lazy\" data-attachment-id=\"1493\" data-permalink=\"http:\/\/www.taekwondo-ates.de\/?attachment_id=1493\" data-orig-file=\"http:\/\/www.taekwondo-ates.de\/wp-content\/uploads\/2014\/12\/pr\u00fcfung_jue-2.jpg\" data-orig-size=\"1000,667\" data-comments-opened=\"0\" data-image-meta=\"{&quot;aperture&quot;:&quot;5&quot;,&quot;credit&quot;:&quot;Stefan Winkler&quot;,&quot;camera&quot;:&quot;Canon EOS 400D DIGITAL&quot;,&quot;caption&quot;:&quot;&quot;,&quot;created_timestamp&quot;:&quot;1418414698&quot;,&quot;copyright&quot;:&quot;WinFoto.de \\\/ Stefan Winkler&quot;,&quot;focal_length&quot;:&quot;60&quot;,&quot;iso&quot;:&quot;1600&quot;,&quot;shutter_speed&quot;:&quot;0.008&quot;,&quot;title&quot;:&quot;&quot;}\" data-image-title=\"pr\u00fcfung_jue-2\" data-image-description=\"\" data-image-caption=\"\" data-medium-file=\"http:\/\/www.taekwondo-ates.de\/wp-content\/uploads\/2014\/12\/pr\u00fcfung_jue-2-300x200.jpg\" data-large-file=\"http:\/\/www.taekwondo-ates.de\/wp-content\/uploads\/2014\/12\/pr\u00fcfung_jue-2.jpg\" \/><\/a>\n\t\t\t<\/dt><\/dl><br style=\"clear: both\" \/><dl class='gallery-item'>\n\t\t\t<dt class='gallery-icon landscape'>\n\t\t\t\t<a href='http:\/\/www.taekwondo-ates.de\/?attachment_id=1494'><img width=\"150\" height=\"150\" src=\"http:\/\/www.taekwondo-ates.de\/wp-content\/uploads\/2014\/12\/pr\u00fcfung_jue-3-150x150.jpg\" class=\"attachment-thumbnail size-thumbnail\" alt=\"\" decoding=\"async\" loading=\"lazy\" data-attachment-id=\"1494\" data-permalink=\"http:\/\/www.taekwondo-ates.de\/?attachment_id=1494\" data-orig-file=\"http:\/\/www.taekwondo-ates.de\/wp-content\/uploads\/2014\/12\/pr\u00fcfung_jue-3.jpg\" data-orig-size=\"1000,667\" data-comments-opened=\"0\" data-image-meta=\"{&quot;aperture&quot;:&quot;4.5&quot;,&quot;credit&quot;:&quot;Stefan Winkler&quot;,&quot;camera&quot;:&quot;Canon EOS 400D DIGITAL&quot;,&quot;caption&quot;:&quot;&quot;,&quot;created_timestamp&quot;:&quot;1418414749&quot;,&quot;copyright&quot;:&quot;WinFoto.de \\\/ Stefan Winkler&quot;,&quot;focal_length&quot;:&quot;75&quot;,&quot;iso&quot;:&quot;1600&quot;,&quot;shutter_speed&quot;:&quot;0.008&quot;,&quot;title&quot;:&quot;&quot;}\" data-image-title=\"pr\u00fcfung_jue-3\" data-image-description=\"\" data-image-caption=\"\" data-medium-file=\"http:\/\/www.taekwondo-ates.de\/wp-content\/uploads\/2014\/12\/pr\u00fcfung_jue-3-300x200.jpg\" data-large-file=\"http:\/\/www.taekwondo-ates.de\/wp-content\/uploads\/2014\/12\/pr\u00fcfung_jue-3.jpg\" \/><\/a>\n\t\t\t<\/dt><\/dl>\n\t\t\t<br style='clear: both' \/>\n\t\t<\/div>\n\n","protected":false},"excerpt":{"rendered":"<p>Kurz vor den Weihnachtsferien f\u00fchrte Taekwondo\u00a0Ates\u00a0am 12.12.2014 noch eine G\u00fcrtelpr\u00fcfung durch. 14 Sch\u00fcler aus dem Kindertraining von Taekwondo Ates waren soweit ihre erste bzw. zweite G\u00fcrtelpr\u00fcfung zu absolvieren,\u00a0was sie erfolgreich meisterten. Nach 30 Minuten Pr\u00fcfungsstress konnte Pr\u00fcfer Ibrahim S\u00f6nmezates (6. &hellip; <a href=\"http:\/\/www.taekwondo-ates.de\/?p=1485\">Weiterlesen <span class=\"meta-nav\">&rarr;<\/span><\/a><\/p>\n","protected":false},"author":1,"featured_media":0,"comment_status":"closed","ping_status":"closed","sticky":false,"template":"","format":"standard","meta":{"ngg_post_thumbnail":0,"jetpack_post_was_ever_published":false},"categories":[4],"tags":[14],"jetpack_featured_media_url":"","jetpack_shortlink":"https:\/\/wp.me\/p214aU-nX","jetpack_sharing_enabled":true,"_links":{"self":[{"href":"http:\/\/www.taekwondo-ates.de\/index.php?rest_route=\/wp\/v2\/posts\/1485"}],"collection":[{"href":"http:\/\/www.taekwondo-ates.de\/index.php?rest_route=\/wp\/v2\/posts"}],"about":[{"href":"http:\/\/www.taekwondo-ates.de\/index.php?rest_route=\/wp\/v2\/types\/post"}],"author":[{"embeddable":true,"href":"http:\/\/www.taekwondo-ates.de\/index.php?rest_route=\/wp\/v2\/users\/1"}],"replies":[{"embeddable":true,"href":"http:\/\/www.taekwondo-ates.de\/index.php?rest_route=%2Fwp%2Fv2%2Fcomments&post=1485"}],"version-history":[{"count":3,"href":"http:\/\/www.taekwondo-ates.de\/index.php?rest_route=\/wp\/v2\/posts\/1485\/revisions"}],"predecessor-version":[{"id":1496,"href":"http:\/\/www.taekwondo-ates.de\/index.php?rest_route=\/wp\/v2\/posts\/1485\/revisions\/1496"}],"wp:attachment":[{"href":"http:\/\/www.taekwondo-ates.de\/index.php?rest_route=%2Fwp%2Fv2%2Fmedia&parent=1485"}],"wp:term":[{"taxonomy":"category","embeddable":true,"href":"http:\/\/www.taekwondo-ates.de\/index.php?rest_route=%2Fwp%2Fv2%2Fcategories&post=1485"},{"taxonomy":"post_tag","embeddable":true,"href":"http:\/\/www.taekwondo-ates.de\/index.php?rest_route=%2Fwp%2Fv2%2Ftags&post=1485"}],"curies":[{"name":"wp","href":"https:\/\/api.w.org\/{rel}","templated":true}]}}