{"id":148,"date":"2011-03-11T23:02:25","date_gmt":"2011-03-11T22:02:25","guid":{"rendered":"http:\/\/www.taekwondo-ates.de\/blog\/?p=148"},"modified":"2011-12-20T11:02:40","modified_gmt":"2011-12-20T10:02:40","slug":"int-tuttlinger-pokal-turnier","status":"publish","type":"post","link":"http:\/\/www.taekwondo-ates.de\/?p=148","title":{"rendered":"Int. Tuttlinger Pokal Turnier"},"content":{"rendered":"<p style=\"text-align: justify;\">Mit ca. 400 Teilnehmern aus 55 Vereinen war das Turnier sehr Stark besetzt und dauerte bis in die Sp\u00e4tabendstunde.<br \/>\nTaekwondo ATES war mit 11 K\u00e4mpfern am Start und erreichte 3 Goldmedaillen, 3 Silber und 3 Bronze.<br \/>\nDie ersten Pl\u00e4tze gewannen Justine Lange Jugend-46 kg, Linus Br\u00fcstle Kinder -20kg, Dennis Br\u00fcstle Bambinis -20kg<br \/>\nBesonders Stolz war Trainer Aydin Ates auf seinen j\u00fcngsten Sch\u00fcler Cornelius J\u00f6rger 6 Jahre.<\/p>\n<p style=\"text-align: justify;\"><a href=\"\/wp-content\/uploads\/2011\/11\/TutlPokal_Mannschaft.jpg\"><img data-attachment-id=\"151\" data-permalink=\"http:\/\/www.taekwondo-ates.de\/?attachment_id=151\" data-orig-file=\"http:\/\/www.taekwondo-ates.de\/wp-content\/uploads\/2011\/11\/TutlPokal_Mannschaft.jpg\" data-orig-size=\"640,480\" data-comments-opened=\"0\" data-image-meta=\"{&quot;aperture&quot;:&quot;2.8&quot;,&quot;credit&quot;:&quot;&quot;,&quot;camera&quot;:&quot;DMC-FS3&quot;,&quot;caption&quot;:&quot;&quot;,&quot;created_timestamp&quot;:&quot;1299344624&quot;,&quot;copyright&quot;:&quot;&quot;,&quot;focal_length&quot;:&quot;5.5&quot;,&quot;iso&quot;:&quot;0&quot;,&quot;shutter_speed&quot;:&quot;0.016666666666667&quot;,&quot;title&quot;:&quot;&quot;}\" data-image-title=\"TutlPokal_Mannschaft\" data-image-description=\"\" data-image-caption=\"\" data-medium-file=\"http:\/\/www.taekwondo-ates.de\/wp-content\/uploads\/2011\/11\/TutlPokal_Mannschaft-300x225.jpg\" data-large-file=\"http:\/\/www.taekwondo-ates.de\/wp-content\/uploads\/2011\/11\/TutlPokal_Mannschaft.jpg\" decoding=\"async\" loading=\"lazy\" class=\"aligncenter size-medium wp-image-151\" title=\"TutlPokal_Mannschaft\" src=\"\/wp-content\/uploads\/2011\/11\/TutlPokal_Mannschaft-300x225.jpg\" alt=\"\" width=\"300\" height=\"225\" srcset=\"http:\/\/www.taekwondo-ates.de\/wp-content\/uploads\/2011\/11\/TutlPokal_Mannschaft-300x225.jpg 300w, http:\/\/www.taekwondo-ates.de\/wp-content\/uploads\/2011\/11\/TutlPokal_Mannschaft-400x300.jpg 400w, http:\/\/www.taekwondo-ates.de\/wp-content\/uploads\/2011\/11\/TutlPokal_Mannschaft.jpg 640w\" sizes=\"(max-width: 300px) 100vw, 300px\" \/><\/a><a href=\"\/wp-content\/uploads\/2011\/11\/TutlPokal_Justine.jpg\"><!--more--><img data-attachment-id=\"150\" data-permalink=\"http:\/\/www.taekwondo-ates.de\/?attachment_id=150\" data-orig-file=\"http:\/\/www.taekwondo-ates.de\/wp-content\/uploads\/2011\/11\/TutlPokal_Justine.jpg\" data-orig-size=\"640,480\" data-comments-opened=\"0\" data-image-meta=\"{&quot;aperture&quot;:&quot;2.8&quot;,&quot;credit&quot;:&quot;&quot;,&quot;camera&quot;:&quot;DMC-FS3&quot;,&quot;caption&quot;:&quot;&quot;,&quot;created_timestamp&quot;:&quot;1299350988&quot;,&quot;copyright&quot;:&quot;&quot;,&quot;focal_length&quot;:&quot;5.5&quot;,&quot;iso&quot;:&quot;100&quot;,&quot;shutter_speed&quot;:&quot;0.033333333333333&quot;,&quot;title&quot;:&quot;&quot;}\" data-image-title=\"TutlPokal_Justine\" data-image-description=\"\" data-image-caption=\"\" data-medium-file=\"http:\/\/www.taekwondo-ates.de\/wp-content\/uploads\/2011\/11\/TutlPokal_Justine-300x225.jpg\" data-large-file=\"http:\/\/www.taekwondo-ates.de\/wp-content\/uploads\/2011\/11\/TutlPokal_Justine.jpg\" decoding=\"async\" loading=\"lazy\" class=\"aligncenter size-medium wp-image-150\" title=\"TutlPokal_Justine\" src=\"\/wp-content\/uploads\/2011\/11\/TutlPokal_Justine-300x225.jpg\" alt=\"\" width=\"300\" height=\"225\" srcset=\"http:\/\/www.taekwondo-ates.de\/wp-content\/uploads\/2011\/11\/TutlPokal_Justine-300x225.jpg 300w, http:\/\/www.taekwondo-ates.de\/wp-content\/uploads\/2011\/11\/TutlPokal_Justine-400x300.jpg 400w, http:\/\/www.taekwondo-ates.de\/wp-content\/uploads\/2011\/11\/TutlPokal_Justine.jpg 640w\" sizes=\"(max-width: 300px) 100vw, 300px\" \/><\/a><a href=\"\/wp-content\/uploads\/2011\/11\/TutlPokal_.jpg\"><img data-attachment-id=\"149\" data-permalink=\"http:\/\/www.taekwondo-ates.de\/?attachment_id=149\" data-orig-file=\"http:\/\/www.taekwondo-ates.de\/wp-content\/uploads\/2011\/11\/TutlPokal_.jpg\" data-orig-size=\"640,480\" data-comments-opened=\"0\" data-image-meta=\"{&quot;aperture&quot;:&quot;2.8&quot;,&quot;credit&quot;:&quot;&quot;,&quot;camera&quot;:&quot;DMC-FS3&quot;,&quot;caption&quot;:&quot;&quot;,&quot;created_timestamp&quot;:&quot;1299351920&quot;,&quot;copyright&quot;:&quot;&quot;,&quot;focal_length&quot;:&quot;5.5&quot;,&quot;iso&quot;:&quot;100&quot;,&quot;shutter_speed&quot;:&quot;0.033333333333333&quot;,&quot;title&quot;:&quot;&quot;}\" data-image-title=\"TutlPokal_\" data-image-description=\"\" data-image-caption=\"\" data-medium-file=\"http:\/\/www.taekwondo-ates.de\/wp-content\/uploads\/2011\/11\/TutlPokal_-300x225.jpg\" data-large-file=\"http:\/\/www.taekwondo-ates.de\/wp-content\/uploads\/2011\/11\/TutlPokal_.jpg\" decoding=\"async\" loading=\"lazy\" class=\"aligncenter size-medium wp-image-149\" title=\"TutlPokal_\" src=\"\/wp-content\/uploads\/2011\/11\/TutlPokal_-300x225.jpg\" alt=\"\" width=\"300\" height=\"225\" srcset=\"http:\/\/www.taekwondo-ates.de\/wp-content\/uploads\/2011\/11\/TutlPokal_-300x225.jpg 300w, http:\/\/www.taekwondo-ates.de\/wp-content\/uploads\/2011\/11\/TutlPokal_-400x300.jpg 400w, http:\/\/www.taekwondo-ates.de\/wp-content\/uploads\/2011\/11\/TutlPokal_.jpg 640w\" sizes=\"(max-width: 300px) 100vw, 300px\" \/><\/a><\/p>\n","protected":false},"excerpt":{"rendered":"<p>Mit ca. 400 Teilnehmern aus 55 Vereinen war das Turnier sehr Stark besetzt und dauerte bis in die Sp\u00e4tabendstunde. Taekwondo ATES war mit 11 K\u00e4mpfern am Start und erreichte 3 Goldmedaillen, 3 Silber und 3 Bronze. Die ersten Pl\u00e4tze gewannen &hellip; <a href=\"http:\/\/www.taekwondo-ates.de\/?p=148\">Weiterlesen <span class=\"meta-nav\">&rarr;<\/span><\/a><\/p>\n","protected":false},"author":1,"featured_media":151,"comment_status":"closed","ping_status":"open","sticky":false,"template":"","format":"standard","meta":{"ngg_post_thumbnail":0,"jetpack_post_was_ever_published":false},"categories":[4],"tags":[],"jetpack_featured_media_url":"http:\/\/www.taekwondo-ates.de\/wp-content\/uploads\/2011\/11\/TutlPokal_Mannschaft.jpg","jetpack_shortlink":"https:\/\/wp.me\/p214aU-2o","jetpack_sharing_enabled":true,"_links":{"self":[{"href":"http:\/\/www.taekwondo-ates.de\/index.php?rest_route=\/wp\/v2\/posts\/148"}],"collection":[{"href":"http:\/\/www.taekwondo-ates.de\/index.php?rest_route=\/wp\/v2\/posts"}],"about":[{"href":"http:\/\/www.taekwondo-ates.de\/index.php?rest_route=\/wp\/v2\/types\/post"}],"author":[{"embeddable":true,"href":"http:\/\/www.taekwondo-ates.de\/index.php?rest_route=\/wp\/v2\/users\/1"}],"replies":[{"embeddable":true,"href":"http:\/\/www.taekwondo-ates.de\/index.php?rest_route=%2Fwp%2Fv2%2Fcomments&post=148"}],"version-history":[{"count":4,"href":"http:\/\/www.taekwondo-ates.de\/index.php?rest_route=\/wp\/v2\/posts\/148\/revisions"}],"predecessor-version":[{"id":288,"href":"http:\/\/www.taekwondo-ates.de\/index.php?rest_route=\/wp\/v2\/posts\/148\/revisions\/288"}],"wp:featuredmedia":[{"embeddable":true,"href":"http:\/\/www.taekwondo-ates.de\/index.php?rest_route=\/wp\/v2\/media\/151"}],"wp:attachment":[{"href":"http:\/\/www.taekwondo-ates.de\/index.php?rest_route=%2Fwp%2Fv2%2Fmedia&parent=148"}],"wp:term":[{"taxonomy":"category","embeddable":true,"href":"http:\/\/www.taekwondo-ates.de\/index.php?rest_route=%2Fwp%2Fv2%2Fcategories&post=148"},{"taxonomy":"post_tag","embeddable":true,"href":"http:\/\/www.taekwondo-ates.de\/index.php?rest_route=%2Fwp%2Fv2%2Ftags&post=148"}],"curies":[{"name":"wp","href":"https:\/\/api.w.org\/{rel}","templated":true}]}}