{"id":1341,"date":"2014-11-12T19:32:53","date_gmt":"2014-11-12T18:32:53","guid":{"rendered":"http:\/\/www.taekwondo-ates.de\/?p=1341"},"modified":"2014-11-12T19:32:53","modified_gmt":"2014-11-12T18:32:53","slug":"dan-prufung-am-09-11-14-in-offenburg","status":"publish","type":"post","link":"http:\/\/www.taekwondo-ates.de\/?p=1341","title":{"rendered":"DAN-Pr\u00fcfung am 09.11.14 in Offenburg"},"content":{"rendered":"<p style=\"text-align: justify;\">Mit Mesut Erdamar gibt es nun einen weiteren Dan-Tr\u00e4ger beim Taekwondo Ates e.V.<br \/>\nAm Sonntag, 09.11. stellte sich Mesut Erdamar in Offenburg seiner Schwarzgurt-Pr\u00fcfung und konnte die drei Pr\u00fcfer von seinen Leistungen \u00fcberzeugen.<\/p>\n<p style=\"text-align: justify;\">Er bekam von Herrn Wolfgang Br\u00fcckel, Pr\u00e4sident der Taekwondo Union Baden-W\u00fcrttemberg (TUBW) die begehrte Pr\u00fcfungsurkunde zum Schwarzgurt, 1. Dan \u00fcberreicht.<\/p>\n<p><a href=\"http:\/\/www.taekwondo-ates.de\/wp-content\/uploads\/2014\/11\/DanPruefung2014.jpg\"><img data-attachment-id=\"1342\" data-permalink=\"http:\/\/www.taekwondo-ates.de\/?attachment_id=1342\" data-orig-file=\"http:\/\/www.taekwondo-ates.de\/wp-content\/uploads\/2014\/11\/DanPruefung2014.jpg\" data-orig-size=\"1000,750\" data-comments-opened=\"0\" data-image-meta=\"{&quot;aperture&quot;:&quot;2.6&quot;,&quot;credit&quot;:&quot;&quot;,&quot;camera&quot;:&quot;GT-I9300&quot;,&quot;caption&quot;:&quot;&quot;,&quot;created_timestamp&quot;:&quot;1415733422&quot;,&quot;copyright&quot;:&quot;&quot;,&quot;focal_length&quot;:&quot;3.7&quot;,&quot;iso&quot;:&quot;160&quot;,&quot;shutter_speed&quot;:&quot;0.066666666666667&quot;,&quot;title&quot;:&quot;&quot;}\" data-image-title=\"DanPruefung2014\" data-image-description=\"\" data-image-caption=\"\" data-medium-file=\"http:\/\/www.taekwondo-ates.de\/wp-content\/uploads\/2014\/11\/DanPruefung2014-300x225.jpg\" data-large-file=\"http:\/\/www.taekwondo-ates.de\/wp-content\/uploads\/2014\/11\/DanPruefung2014.jpg\" decoding=\"async\" loading=\"lazy\" class=\"aligncenter size-medium wp-image-1342\" alt=\"DanPruefung2014\" src=\"http:\/\/www.taekwondo-ates.de\/wp-content\/uploads\/2014\/11\/DanPruefung2014-300x225.jpg\" width=\"300\" height=\"225\" srcset=\"http:\/\/www.taekwondo-ates.de\/wp-content\/uploads\/2014\/11\/DanPruefung2014-300x225.jpg 300w, http:\/\/www.taekwondo-ates.de\/wp-content\/uploads\/2014\/11\/DanPruefung2014-400x300.jpg 400w, http:\/\/www.taekwondo-ates.de\/wp-content\/uploads\/2014\/11\/DanPruefung2014.jpg 1000w\" sizes=\"(max-width: 300px) 100vw, 300px\" \/><\/a><\/p>\n<p style=\"text-align: justify;\">Trainer Aydin Ates gratuliert und freut sich, dass die intensive Vorbereitung von Erfolg gekr\u00f6nt wurde.<\/p>\n","protected":false},"excerpt":{"rendered":"<p>Mit Mesut Erdamar gibt es nun einen weiteren Dan-Tr\u00e4ger beim Taekwondo Ates e.V. Am Sonntag, 09.11. stellte sich Mesut Erdamar in Offenburg seiner Schwarzgurt-Pr\u00fcfung und konnte die drei Pr\u00fcfer von seinen Leistungen \u00fcberzeugen. Er bekam von Herrn Wolfgang Br\u00fcckel, Pr\u00e4sident &hellip; <a href=\"http:\/\/www.taekwondo-ates.de\/?p=1341\">Weiterlesen <span class=\"meta-nav\">&rarr;<\/span><\/a><\/p>\n","protected":false},"author":1,"featured_media":0,"comment_status":"closed","ping_status":"closed","sticky":false,"template":"","format":"standard","meta":{"ngg_post_thumbnail":0,"jetpack_post_was_ever_published":false},"categories":[4],"tags":[45,96],"jetpack_featured_media_url":"","jetpack_shortlink":"https:\/\/wp.me\/p214aU-lD","jetpack_sharing_enabled":true,"_links":{"self":[{"href":"http:\/\/www.taekwondo-ates.de\/index.php?rest_route=\/wp\/v2\/posts\/1341"}],"collection":[{"href":"http:\/\/www.taekwondo-ates.de\/index.php?rest_route=\/wp\/v2\/posts"}],"about":[{"href":"http:\/\/www.taekwondo-ates.de\/index.php?rest_route=\/wp\/v2\/types\/post"}],"author":[{"embeddable":true,"href":"http:\/\/www.taekwondo-ates.de\/index.php?rest_route=\/wp\/v2\/users\/1"}],"replies":[{"embeddable":true,"href":"http:\/\/www.taekwondo-ates.de\/index.php?rest_route=%2Fwp%2Fv2%2Fcomments&post=1341"}],"version-history":[{"count":2,"href":"http:\/\/www.taekwondo-ates.de\/index.php?rest_route=\/wp\/v2\/posts\/1341\/revisions"}],"predecessor-version":[{"id":1344,"href":"http:\/\/www.taekwondo-ates.de\/index.php?rest_route=\/wp\/v2\/posts\/1341\/revisions\/1344"}],"wp:attachment":[{"href":"http:\/\/www.taekwondo-ates.de\/index.php?rest_route=%2Fwp%2Fv2%2Fmedia&parent=1341"}],"wp:term":[{"taxonomy":"category","embeddable":true,"href":"http:\/\/www.taekwondo-ates.de\/index.php?rest_route=%2Fwp%2Fv2%2Fcategories&post=1341"},{"taxonomy":"post_tag","embeddable":true,"href":"http:\/\/www.taekwondo-ates.de\/index.php?rest_route=%2Fwp%2Fv2%2Ftags&post=1341"}],"curies":[{"name":"wp","href":"https:\/\/api.w.org\/{rel}","templated":true}]}}